{"id":229206,"date":"2022-01-08T11:56:29","date_gmt":"2022-01-08T10:56:29","guid":{"rendered":"https:\/\/zjarr.tv\/?p=229206"},"modified":"2022-01-08T11:56:29","modified_gmt":"2022-01-08T10:56:29","slug":"percahen-shqiptaret-e-maqedonise-qytetaret-e-kumanoves-ne-seli-me-bashen-kunderpergjigjen-tetovaret-o-sali-mos-u-tut-ke-tetoven-si-barut","status":"publish","type":"post","link":"https:\/\/zjarr.tv\/en\/percahen-shqiptaret-e-maqedonise-qytetaret-e-kumanoves-ne-seli-me-bashen-kunderpergjigjen-tetovaret-o-sali-mos-u-tut-ke-tetoven-si-barut\/","title":{"rendered":"\u201cP\u00ebr\u00e7ahen\u201d shqiptar\u00ebt e Maqedonis\u00eb, qytetar\u00ebt e Kumanov\u00ebs n\u00eb seli me Bash\u00ebn, kund\u00ebrp\u00ebrgjigjen tetovar\u00ebt: O Sali mos u tut, ke Tetov\u00ebn si barut"},"content":{"rendered":"<p>Protesta e thirrur nga Sali Berisha duket se ka p\u00ebr\u00e7ar\u00eb shqiptar\u00ebt e Maqedonis\u00eb s\u00eb Veriut, pasi nj\u00eb pjes\u00eb jan\u00eb me Bash\u00ebn dhe nj\u00eb pjes\u00eb tjet\u00ebr me Berish\u00ebn.<\/p>\n<p>Gazetari Artan Hoxha pak dit\u00eb m\u00eb par\u00eb tregoi se n\u00eb mbrojtje t\u00eb Bash\u00ebs ka ardhur nj\u00eb grup nga Kumanova, t\u00eb cil\u00ebt u pan\u00eb edhe n\u00eb nj\u00eb foto t\u00eb publikuar dit\u00ebn e djeshme n\u00eb selin\u00eb e PD-s\u00eb. Nd\u00ebrkoh\u00eb n\u00eb mb\u00ebshtetje t\u00eb Berish\u00ebs do t\u00eb jen\u00eb qytetar\u00ebt nga Tetova.<\/p>\n<p>N\u00eb postimin e Berish\u00ebs kan\u00eb komentuar disa tetovar\u00eb, t\u00eb cil\u00ebt thon\u00eb se do t\u00eb vijn\u00eb n\u00eb protest\u00eb n\u00eb mb\u00ebshtetje t\u00eb ish-kryeministrit. \u201cO Sali mos u tut, e ki Tetov\u00ebn si barut:, shkruan nj\u00ebri prej tyre.<\/p>\n<p><img loading=\"lazy\" decoding=\"async\" class=\"alignnone size-medium wp-image-229207\" src=\"https:\/\/zjarr.tv\/wp-content\/uploads\/2022\/01\/Screenshot_18-8-244x300.png\" alt=\"\" width=\"244\" height=\"300\" srcset=\"https:\/\/zjarr.tv\/wp-content\/uploads\/2022\/01\/Screenshot_18-8-244x300.png 244w, https:\/\/zjarr.tv\/wp-content\/uploads\/2022\/01\/Screenshot_18-8-324x400.png 324w, https:\/\/zjarr.tv\/wp-content\/uploads\/2022\/01\/Screenshot_18-8-342x420.png 342w, https:\/\/zjarr.tv\/wp-content\/uploads\/2022\/01\/Screenshot_18-8.png 357w\" sizes=\"auto, (max-width: 244px) 100vw, 244px\" \/><\/p>","protected":false},"excerpt":{"rendered":"<p>Protesta e thirrur nga Sali Berisha duket se ka p\u00ebr\u00e7ar\u00eb shqiptar\u00ebt e Maqedonis\u00eb s\u00eb Veriut, pasi nj\u00eb pjes\u00eb jan\u00eb me Bash\u00ebn dhe nj\u00eb pjes\u00eb tjet\u00ebr me Berish\u00ebn. Gazetari Artan Hoxha pak dit\u00eb m\u00eb par\u00eb tregoi se n\u00eb mbrojtje t\u00eb Bash\u00ebs ka ardhur nj\u00eb grup nga Kumanova, t\u00eb cil\u00ebt u pan\u00eb edhe n\u00eb nj\u00eb foto t\u00eb [&hellip;]<\/p>\n","protected":false},"author":2030,"featured_media":229208,"comment_status":"closed","ping_status":"closed","sticky":false,"template":"","format":"standard","meta":{"footnotes":""},"categories":[241,1454],"tags":[],"class_list":{"0":"post-229206","1":"post","2":"type-post","3":"status-publish","4":"format-standard","5":"has-post-thumbnail","7":"category-aktualitet","8":"category-politike"},"_links":{"self":[{"href":"https:\/\/zjarr.tv\/en\/wp-json\/wp\/v2\/posts\/229206","targetHints":{"allow":["GET"]}}],"collection":[{"href":"https:\/\/zjarr.tv\/en\/wp-json\/wp\/v2\/posts"}],"about":[{"href":"https:\/\/zjarr.tv\/en\/wp-json\/wp\/v2\/types\/post"}],"author":[{"embeddable":true,"href":"https:\/\/zjarr.tv\/en\/wp-json\/wp\/v2\/users\/2030"}],"replies":[{"embeddable":true,"href":"https:\/\/zjarr.tv\/en\/wp-json\/wp\/v2\/comments?post=229206"}],"version-history":[{"count":0,"href":"https:\/\/zjarr.tv\/en\/wp-json\/wp\/v2\/posts\/229206\/revisions"}],"wp:featuredmedia":[{"embeddable":true,"href":"https:\/\/zjarr.tv\/en\/wp-json\/wp\/v2\/media\/229208"}],"wp:attachment":[{"href":"https:\/\/zjarr.tv\/en\/wp-json\/wp\/v2\/media?parent=229206"}],"wp:term":[{"taxonomy":"category","embeddable":true,"href":"https:\/\/zjarr.tv\/en\/wp-json\/wp\/v2\/categories?post=229206"},{"taxonomy":"post_tag","embeddable":true,"href":"https:\/\/zjarr.tv\/en\/wp-json\/wp\/v2\/tags?post=229206"}],"curies":[{"name":"wp","href":"https:\/\/api.w.org\/{rel}","templated":true}]}}