{"id":229223,"date":"2022-01-08T12:32:05","date_gmt":"2022-01-08T11:32:05","guid":{"rendered":"https:\/\/zjarr.tv\/?p=229223"},"modified":"2022-01-08T12:32:05","modified_gmt":"2022-01-08T11:32:05","slug":"protestuesit-shajne-dhe-qellojne-roland-bejkon-flet-anetari-i-pd-me-goditi-demokrati-qe-e-kam-mbajtur-me-buke","status":"publish","type":"post","link":"https:\/\/zjarr.tv\/en\/protestuesit-shajne-dhe-qellojne-roland-bejkon-flet-anetari-i-pd-me-goditi-demokrati-qe-e-kam-mbajtur-me-buke\/","title":{"rendered":"Protestuesit shajn\u00eb dhe q\u00ebllojn\u00eb Roland Bejkon, flet an\u00ebtari i PD: \u201cM\u00eb goditi demokrati q\u00eb e kam mbajtur me buk\u00eb\u201d"},"content":{"rendered":"<p>Regjistrohet p\u00ebrplasja e par\u00eb n\u00eb selin\u00eb e PD. An\u00ebtari i k\u00ebsaj force politike dhe nj\u00ebher\u00ebsh kandidat p\u00ebr deputet, Roland Bejko \u00ebsht\u00eb shar\u00eb dhe dhunuar nga mb\u00ebshtet\u00ebs t\u00eb ish-kryeministrit Sali Berisha q\u00eb kan\u00eb nisur t\u00eb grumbullohen n\u00eb seli.<\/p>\n<p>Bejko ka shkuar n\u00eb seli p\u00ebr t\u00eb marr\u00eb pjes\u00eb n\u00eb mbledhjen e thirrur nga Lulzim Basha por \u00ebsht\u00eb rrethuar nga protestuesit dhe \u00ebsht\u00eb ofenduar me fjal\u00ebt m\u00eb banale. Gjat\u00eb gjith\u00eb koh\u00ebs ai \u00ebsht\u00eb rrethuar nga k\u00ebta persona dhe n\u00eb disa raste \u00ebsht\u00eb q\u00eblluar me \u00e7adra.<\/p>\n<p>\u201cO bythq*r\u00eb, o legen m*ti. Un\u00eb t\u00eb q* nderin e familjes\u201d, ishin disa nga sharjet q\u00eb u hodh\u00ebn n\u00eb turm\u00eb ndaj Bejkos.<\/p>\n<p>\u201cKjo q\u00eb ka ndodhur tani, mua m\u00eb ka ndodhur dhe n\u00eb \u201991 kur protestonim kund\u00ebr Enver Hoxh\u00ebs. Jam befasuar kur m\u00eb ka q\u00eblluar njeriu q\u00eb e kam mbajtur me buk\u00eb, ka marr\u00eb fund edhe kodi i nderit. Nuk b\u00ebj kall\u00ebzim fare p\u00ebr demokrat\u00ebt , cfar\u00eb thua? Dera ishte e mbyllur, ju e dini si ishte situata.\u201d, tha Bejko nd\u00ebr t\u00eb tjera.<\/p>","protected":false},"excerpt":{"rendered":"<p>Regjistrohet p\u00ebrplasja e par\u00eb n\u00eb selin\u00eb e PD. An\u00ebtari i k\u00ebsaj force politike dhe nj\u00ebher\u00ebsh kandidat p\u00ebr deputet, Roland Bejko \u00ebsht\u00eb shar\u00eb dhe dhunuar nga mb\u00ebshtet\u00ebs t\u00eb ish-kryeministrit Sali Berisha q\u00eb kan\u00eb nisur t\u00eb grumbullohen n\u00eb seli. Bejko ka shkuar n\u00eb seli p\u00ebr t\u00eb marr\u00eb pjes\u00eb n\u00eb mbledhjen e thirrur nga Lulzim Basha por \u00ebsht\u00eb [&hellip;]<\/p>\n","protected":false},"author":2030,"featured_media":229224,"comment_status":"closed","ping_status":"closed","sticky":false,"template":"","format":"standard","meta":{"footnotes":""},"categories":[241,3366,1454],"tags":[],"class_list":{"0":"post-229223","1":"post","2":"type-post","3":"status-publish","4":"format-standard","5":"has-post-thumbnail","7":"category-aktualitet","8":"category-koment","9":"category-politike"},"_links":{"self":[{"href":"https:\/\/zjarr.tv\/en\/wp-json\/wp\/v2\/posts\/229223","targetHints":{"allow":["GET"]}}],"collection":[{"href":"https:\/\/zjarr.tv\/en\/wp-json\/wp\/v2\/posts"}],"about":[{"href":"https:\/\/zjarr.tv\/en\/wp-json\/wp\/v2\/types\/post"}],"author":[{"embeddable":true,"href":"https:\/\/zjarr.tv\/en\/wp-json\/wp\/v2\/users\/2030"}],"replies":[{"embeddable":true,"href":"https:\/\/zjarr.tv\/en\/wp-json\/wp\/v2\/comments?post=229223"}],"version-history":[{"count":0,"href":"https:\/\/zjarr.tv\/en\/wp-json\/wp\/v2\/posts\/229223\/revisions"}],"wp:featuredmedia":[{"embeddable":true,"href":"https:\/\/zjarr.tv\/en\/wp-json\/wp\/v2\/media\/229224"}],"wp:attachment":[{"href":"https:\/\/zjarr.tv\/en\/wp-json\/wp\/v2\/media?parent=229223"}],"wp:term":[{"taxonomy":"category","embeddable":true,"href":"https:\/\/zjarr.tv\/en\/wp-json\/wp\/v2\/categories?post=229223"},{"taxonomy":"post_tag","embeddable":true,"href":"https:\/\/zjarr.tv\/en\/wp-json\/wp\/v2\/tags?post=229223"}],"curies":[{"name":"wp","href":"https:\/\/api.w.org\/{rel}","templated":true}]}}