{"id":229239,"date":"2022-01-08T12:59:12","date_gmt":"2022-01-08T11:59:12","guid":{"rendered":"https:\/\/zjarr.tv\/?p=229239"},"modified":"2022-01-08T12:59:12","modified_gmt":"2022-01-08T11:59:12","slug":"pushtohet-kati-i-pare-i-selise-blu-protestuesit-shkaterrojne-cdo-gje-qe-u-del-perpara-tentojne-te-ngjiten-ne-katin-e-dyte","status":"publish","type":"post","link":"https:\/\/zjarr.tv\/en\/pushtohet-kati-i-pare-i-selise-blu-protestuesit-shkaterrojne-cdo-gje-qe-u-del-perpara-tentojne-te-ngjiten-ne-katin-e-dyte\/","title":{"rendered":"\u201cPushtohet\u201d kati i par\u00eb i Selis\u00eb Blu: Protestuesit shkat\u00ebrrojn\u00eb \u00e7do gj\u00eb q\u00eb u del p\u00ebrpara, tentojn\u00eb t\u00eb ngjiten n\u00eb katin e dyt\u00eb"},"content":{"rendered":"<p>Mb\u00ebshtet\u00ebsit e Sali Berish\u00ebs kan\u00eb shkat\u00ebrruar dyert e Selis\u00eb Blu, duke arritur t\u00eb hyjn\u00eb n\u00eb katin e par\u00eb t\u00eb saj.<\/p>\n<p>Xhamat e katit t\u00eb par\u00eb jan\u00eb thyer, si dhe jan\u00eb shkat\u00ebrruar kamerat e siguris\u00eb. Por pasi kan\u00eb arritur t\u00eb hyjn\u00eb n\u00eb katin e par\u00eb, protestuesit jan\u00eb p\u00ebrballur me dyert metalike t\u00eb instaluara s\u00eb fundmi, q\u00eb bllokojn\u00eb kalimin n\u00eb katin e dyt\u00eb.<\/p>\n<p><img loading=\"lazy\" decoding=\"async\" class=\"alignnone size-medium wp-image-229240\" src=\"https:\/\/zjarr.tv\/wp-content\/uploads\/2022\/01\/271586086_4630768656960766_2435231891258453564_n-300x210.jpg\" alt=\"\" width=\"300\" height=\"210\" srcset=\"https:\/\/zjarr.tv\/wp-content\/uploads\/2022\/01\/271586086_4630768656960766_2435231891258453564_n-300x210.jpg 300w, https:\/\/zjarr.tv\/wp-content\/uploads\/2022\/01\/271586086_4630768656960766_2435231891258453564_n-1024x717.jpg 1024w, https:\/\/zjarr.tv\/wp-content\/uploads\/2022\/01\/271586086_4630768656960766_2435231891258453564_n-768x538.jpg 768w, https:\/\/zjarr.tv\/wp-content\/uploads\/2022\/01\/271586086_4630768656960766_2435231891258453564_n-1536x1076.jpg 1536w, https:\/\/zjarr.tv\/wp-content\/uploads\/2022\/01\/271586086_4630768656960766_2435231891258453564_n-696x487.jpg 696w, https:\/\/zjarr.tv\/wp-content\/uploads\/2022\/01\/271586086_4630768656960766_2435231891258453564_n-1068x748.jpg 1068w, https:\/\/zjarr.tv\/wp-content\/uploads\/2022\/01\/271586086_4630768656960766_2435231891258453564_n-600x420.jpg 600w, https:\/\/zjarr.tv\/wp-content\/uploads\/2022\/01\/271586086_4630768656960766_2435231891258453564_n-100x70.jpg 100w, https:\/\/zjarr.tv\/wp-content\/uploads\/2022\/01\/271586086_4630768656960766_2435231891258453564_n.jpg 2048w\" sizes=\"auto, (max-width: 300px) 100vw, 300px\" \/><img loading=\"lazy\" decoding=\"async\" class=\"alignnone size-medium wp-image-229241\" src=\"https:\/\/zjarr.tv\/wp-content\/uploads\/2022\/01\/271598009_4630768700294095_3640798317555095029_n-300x221.jpg\" alt=\"\" width=\"300\" height=\"221\" srcset=\"https:\/\/zjarr.tv\/wp-content\/uploads\/2022\/01\/271598009_4630768700294095_3640798317555095029_n-300x221.jpg 300w, https:\/\/zjarr.tv\/wp-content\/uploads\/2022\/01\/271598009_4630768700294095_3640798317555095029_n-1024x754.jpg 1024w, https:\/\/zjarr.tv\/wp-content\/uploads\/2022\/01\/271598009_4630768700294095_3640798317555095029_n-768x566.jpg 768w, https:\/\/zjarr.tv\/wp-content\/uploads\/2022\/01\/271598009_4630768700294095_3640798317555095029_n-1536x1131.jpg 1536w, https:\/\/zjarr.tv\/wp-content\/uploads\/2022\/01\/271598009_4630768700294095_3640798317555095029_n-696x512.jpg 696w, https:\/\/zjarr.tv\/wp-content\/uploads\/2022\/01\/271598009_4630768700294095_3640798317555095029_n-1068x786.jpg 1068w, https:\/\/zjarr.tv\/wp-content\/uploads\/2022\/01\/271598009_4630768700294095_3640798317555095029_n-570x420.jpg 570w, https:\/\/zjarr.tv\/wp-content\/uploads\/2022\/01\/271598009_4630768700294095_3640798317555095029_n-80x60.jpg 80w, https:\/\/zjarr.tv\/wp-content\/uploads\/2022\/01\/271598009_4630768700294095_3640798317555095029_n.jpg 2048w\" sizes=\"auto, (max-width: 300px) 100vw, 300px\" \/><\/p>","protected":false},"excerpt":{"rendered":"<p>Mb\u00ebshtet\u00ebsit e Sali Berish\u00ebs kan\u00eb shkat\u00ebrruar dyert e Selis\u00eb Blu, duke arritur t\u00eb hyjn\u00eb n\u00eb katin e par\u00eb t\u00eb saj. Xhamat e katit t\u00eb par\u00eb jan\u00eb thyer, si dhe jan\u00eb shkat\u00ebrruar kamerat e siguris\u00eb. Por pasi kan\u00eb arritur t\u00eb hyjn\u00eb n\u00eb katin e par\u00eb, protestuesit jan\u00eb p\u00ebrballur me dyert metalike t\u00eb instaluara s\u00eb fundmi, q\u00eb [&hellip;]<\/p>\n","protected":false},"author":2030,"featured_media":229242,"comment_status":"closed","ping_status":"closed","sticky":false,"template":"","format":"standard","meta":{"footnotes":""},"categories":[241,5380,1454],"tags":[],"class_list":{"0":"post-229239","1":"post","2":"type-post","3":"status-publish","4":"format-standard","5":"has-post-thumbnail","7":"category-aktualitet","8":"category-kryesore","9":"category-politike"},"_links":{"self":[{"href":"https:\/\/zjarr.tv\/en\/wp-json\/wp\/v2\/posts\/229239","targetHints":{"allow":["GET"]}}],"collection":[{"href":"https:\/\/zjarr.tv\/en\/wp-json\/wp\/v2\/posts"}],"about":[{"href":"https:\/\/zjarr.tv\/en\/wp-json\/wp\/v2\/types\/post"}],"author":[{"embeddable":true,"href":"https:\/\/zjarr.tv\/en\/wp-json\/wp\/v2\/users\/2030"}],"replies":[{"embeddable":true,"href":"https:\/\/zjarr.tv\/en\/wp-json\/wp\/v2\/comments?post=229239"}],"version-history":[{"count":0,"href":"https:\/\/zjarr.tv\/en\/wp-json\/wp\/v2\/posts\/229239\/revisions"}],"wp:featuredmedia":[{"embeddable":true,"href":"https:\/\/zjarr.tv\/en\/wp-json\/wp\/v2\/media\/229242"}],"wp:attachment":[{"href":"https:\/\/zjarr.tv\/en\/wp-json\/wp\/v2\/media?parent=229239"}],"wp:term":[{"taxonomy":"category","embeddable":true,"href":"https:\/\/zjarr.tv\/en\/wp-json\/wp\/v2\/categories?post=229239"},{"taxonomy":"post_tag","embeddable":true,"href":"https:\/\/zjarr.tv\/en\/wp-json\/wp\/v2\/tags?post=229239"}],"curies":[{"name":"wp","href":"https:\/\/api.w.org\/{rel}","templated":true}]}}