{"id":229245,"date":"2022-01-08T13:03:19","date_gmt":"2022-01-08T12:03:19","guid":{"rendered":"https:\/\/zjarr.tv\/?p=229245"},"modified":"2022-01-08T13:03:19","modified_gmt":"2022-01-08T12:03:19","slug":"berisha-i-kthehet-gazetares-ca-kemi-thyer-ne-dyert-u-hapen-vete-na-hodhen-gaz-lotsjelles-nga-vrimat-e-blindit","status":"publish","type":"post","link":"https:\/\/zjarr.tv\/en\/berisha-i-kthehet-gazetares-ca-kemi-thyer-ne-dyert-u-hapen-vete-na-hodhen-gaz-lotsjelles-nga-vrimat-e-blindit\/","title":{"rendered":"Berisha i kthehet gazetares: \u00c7\u2019a kemi thyer ne? Dyert u hap\u00ebn vet\u00eb! Na hodh\u00ebn gaz lotsjell\u00ebs nga vrimat e blindit"},"content":{"rendered":"<p>Ish-kryeministri Sali Berisha thot\u00eb se protesta para selis\u00eb blu \u00ebsht\u00eb paq\u00ebsore, ndon\u00ebse dyer e dritare jan\u00eb shkat\u00ebrruar plot\u00ebsht n\u00eb katin e par\u00eb t\u00eb saj. Berisha iu kthye gazetares e cila e pyeti p\u00ebr d\u00ebmet n\u00eb seli, duke th\u00ebn\u00eb se \u201cdyert u hap\u00ebn vet\u00eb\u201d.<\/p>\n<p>Berisha tha se protestuesve iu \u00ebsht\u00eb hedhur gaz lotsjell\u00ebs nga vrimat e dyerve t\u00eb blinduara n\u00eb katin e par\u00eb.<\/p>\n<p>\u201cPo hapin dyert e sht\u00ebpis\u00eb s\u00eb tyre, \u00ebsht\u00eb paq\u00ebsore. Po hedhin gaz ndaj protestuesve. K\u00ebrkon t\u00eb largoj\u00eb me gaz dhe dhun\u00eb referendar\u00ebt e liris\u00eb q\u00eb kan\u00eb ardhur sot m\u00eb t\u00eb vendosur se kurr\u00eb. Dyert e sht\u00ebpis\u00eb nuk mbyllen kurr\u00eb. \u00c7a ke par\u00eb? Asnj\u00eb gj\u00eb nuk \u00ebsht\u00eb thyer, asnj\u00eb d\u00ebm. U hap dera vet\u00eb. Kan\u00eb hapur vrima n\u00eb blind\u00eb p\u00ebr t\u00eb hudh gazin. Sot k\u00ebta jan\u00eb t\u00eb pashpres\u00eb. Revolucion i pandalsh\u00ebm\u201d, deklaroi Berisha.<\/p>","protected":false},"excerpt":{"rendered":"<p>Ish-kryeministri Sali Berisha thot\u00eb se protesta para selis\u00eb blu \u00ebsht\u00eb paq\u00ebsore, ndon\u00ebse dyer e dritare jan\u00eb shkat\u00ebrruar plot\u00ebsht n\u00eb katin e par\u00eb t\u00eb saj. Berisha iu kthye gazetares e cila e pyeti p\u00ebr d\u00ebmet n\u00eb seli, duke th\u00ebn\u00eb se \u201cdyert u hap\u00ebn vet\u00eb\u201d. Berisha tha se protestuesve iu \u00ebsht\u00eb hedhur gaz lotsjell\u00ebs nga vrimat e [&hellip;]<\/p>\n","protected":false},"author":2030,"featured_media":229246,"comment_status":"closed","ping_status":"closed","sticky":false,"template":"","format":"standard","meta":{"footnotes":""},"categories":[241,231,1454],"tags":[],"class_list":{"0":"post-229245","1":"post","2":"type-post","3":"status-publish","4":"format-standard","5":"has-post-thumbnail","7":"category-aktualitet","8":"category-lajme","9":"category-politike"},"_links":{"self":[{"href":"https:\/\/zjarr.tv\/en\/wp-json\/wp\/v2\/posts\/229245","targetHints":{"allow":["GET"]}}],"collection":[{"href":"https:\/\/zjarr.tv\/en\/wp-json\/wp\/v2\/posts"}],"about":[{"href":"https:\/\/zjarr.tv\/en\/wp-json\/wp\/v2\/types\/post"}],"author":[{"embeddable":true,"href":"https:\/\/zjarr.tv\/en\/wp-json\/wp\/v2\/users\/2030"}],"replies":[{"embeddable":true,"href":"https:\/\/zjarr.tv\/en\/wp-json\/wp\/v2\/comments?post=229245"}],"version-history":[{"count":0,"href":"https:\/\/zjarr.tv\/en\/wp-json\/wp\/v2\/posts\/229245\/revisions"}],"wp:featuredmedia":[{"embeddable":true,"href":"https:\/\/zjarr.tv\/en\/wp-json\/wp\/v2\/media\/229246"}],"wp:attachment":[{"href":"https:\/\/zjarr.tv\/en\/wp-json\/wp\/v2\/media?parent=229245"}],"wp:term":[{"taxonomy":"category","embeddable":true,"href":"https:\/\/zjarr.tv\/en\/wp-json\/wp\/v2\/categories?post=229245"},{"taxonomy":"post_tag","embeddable":true,"href":"https:\/\/zjarr.tv\/en\/wp-json\/wp\/v2\/tags?post=229245"}],"curies":[{"name":"wp","href":"https:\/\/api.w.org\/{rel}","templated":true}]}}