{"id":229249,"date":"2022-01-08T13:10:13","date_gmt":"2022-01-08T12:10:13","guid":{"rendered":"https:\/\/zjarr.tv\/?p=229249"},"modified":"2022-01-08T13:10:13","modified_gmt":"2022-01-08T12:10:13","slug":"foto-mbeshtetesit-e-berishes-deshtojne-te-ngjiten-nga-kati-i-dyte-sulmohen-befasisht-njeri-shfaqet-i-gjakosur","status":"publish","type":"post","link":"https:\/\/zjarr.tv\/en\/foto-mbeshtetesit-e-berishes-deshtojne-te-ngjiten-nga-kati-i-dyte-sulmohen-befasisht-njeri-shfaqet-i-gjakosur\/","title":{"rendered":"FOTO\/ Mb\u00ebshtet\u00ebsit e Berish\u00ebs d\u00ebshtojn\u00eb t\u00eb ngjiten nga kati i dyt\u00eb, sulmohen befasisht, nj\u00ebri shfaqet i gjakosur"},"content":{"rendered":"<p>Mb\u00ebshtet\u00ebsit e ish-kryeministrit Sali Berisha kan\u00eb d\u00ebshtuar t\u00eb ngjiten n\u00eb katin e dyt\u00eb t\u00eb selis\u00eb s\u00eb PD. Ata kan\u00eb marr\u00eb nj\u00eb shkall\u00eb t\u00eb gjat\u00eb dhe jan\u00eb ngjitur n\u00eb katin e dyt\u00eb por aty jan\u00eb sulmuar me gaz lotsjell\u00ebs dhe sende t\u00eb forta nga persona nde t\u00eb paidentifikuar.<\/p>\n<p>Si\u00e7 shihet dhe nga fotot, disa persona q\u00eb kan\u00eb dal\u00eb nga kati i dyt\u00eb dhe q\u00ebndronin brenda selis\u00eb blu jan\u00eb shfaqur menj\u00ebher\u00eb dhe kan\u00eb d\u00ebbuar mb\u00ebshtet\u00ebsit e ish-kryeministrit. Nj\u00ebri prej tyre ka mbetur i plagosur n\u00eb kok\u00eb dhe \u00ebsht\u00eb ndihmuar nga t\u00eb tjer\u00ebt p\u00ebr t\u00eb zbritur.<\/p>\n<p><img loading=\"lazy\" decoding=\"async\" class=\"alignnone size-medium wp-image-229251\" src=\"https:\/\/zjarr.tv\/wp-content\/uploads\/2022\/01\/Screenshot_7-1-1024x478-1-300x140.jpg\" alt=\"\" width=\"300\" height=\"140\" srcset=\"https:\/\/zjarr.tv\/wp-content\/uploads\/2022\/01\/Screenshot_7-1-1024x478-1-300x140.jpg 300w, https:\/\/zjarr.tv\/wp-content\/uploads\/2022\/01\/Screenshot_7-1-1024x478-1-768x359.jpg 768w, https:\/\/zjarr.tv\/wp-content\/uploads\/2022\/01\/Screenshot_7-1-1024x478-1-696x325.jpg 696w, https:\/\/zjarr.tv\/wp-content\/uploads\/2022\/01\/Screenshot_7-1-1024x478-1-900x420.jpg 900w, https:\/\/zjarr.tv\/wp-content\/uploads\/2022\/01\/Screenshot_7-1-1024x478-1.jpg 1024w\" sizes=\"auto, (max-width: 300px) 100vw, 300px\" \/> <img loading=\"lazy\" decoding=\"async\" class=\"alignnone size-medium wp-image-229252\" src=\"https:\/\/zjarr.tv\/wp-content\/uploads\/2022\/01\/Screenshot_5-4-1024x755-1-300x221.jpg\" alt=\"\" width=\"300\" height=\"221\" srcset=\"https:\/\/zjarr.tv\/wp-content\/uploads\/2022\/01\/Screenshot_5-4-1024x755-1-300x221.jpg 300w, https:\/\/zjarr.tv\/wp-content\/uploads\/2022\/01\/Screenshot_5-4-1024x755-1-768x566.jpg 768w, https:\/\/zjarr.tv\/wp-content\/uploads\/2022\/01\/Screenshot_5-4-1024x755-1-696x513.jpg 696w, https:\/\/zjarr.tv\/wp-content\/uploads\/2022\/01\/Screenshot_5-4-1024x755-1-570x420.jpg 570w, https:\/\/zjarr.tv\/wp-content\/uploads\/2022\/01\/Screenshot_5-4-1024x755-1-80x60.jpg 80w, https:\/\/zjarr.tv\/wp-content\/uploads\/2022\/01\/Screenshot_5-4-1024x755-1.jpg 1024w\" sizes=\"auto, (max-width: 300px) 100vw, 300px\" \/> <img loading=\"lazy\" decoding=\"async\" class=\"alignnone size-medium wp-image-229253\" src=\"https:\/\/zjarr.tv\/wp-content\/uploads\/2022\/01\/Screenshot_4-4-1024x691-1-300x202.jpg\" alt=\"\" width=\"300\" height=\"202\" srcset=\"https:\/\/zjarr.tv\/wp-content\/uploads\/2022\/01\/Screenshot_4-4-1024x691-1-300x202.jpg 300w, https:\/\/zjarr.tv\/wp-content\/uploads\/2022\/01\/Screenshot_4-4-1024x691-1-768x518.jpg 768w, https:\/\/zjarr.tv\/wp-content\/uploads\/2022\/01\/Screenshot_4-4-1024x691-1-696x470.jpg 696w, https:\/\/zjarr.tv\/wp-content\/uploads\/2022\/01\/Screenshot_4-4-1024x691-1-622x420.jpg 622w, https:\/\/zjarr.tv\/wp-content\/uploads\/2022\/01\/Screenshot_4-4-1024x691-1.jpg 1024w\" sizes=\"auto, (max-width: 300px) 100vw, 300px\" \/> <img loading=\"lazy\" decoding=\"async\" class=\"alignnone size-medium wp-image-229254\" src=\"https:\/\/zjarr.tv\/wp-content\/uploads\/2022\/01\/Screenshot_3-4-1024x669-1-300x196.jpg\" alt=\"\" width=\"300\" height=\"196\" srcset=\"https:\/\/zjarr.tv\/wp-content\/uploads\/2022\/01\/Screenshot_3-4-1024x669-1-300x196.jpg 300w, https:\/\/zjarr.tv\/wp-content\/uploads\/2022\/01\/Screenshot_3-4-1024x669-1-768x502.jpg 768w, https:\/\/zjarr.tv\/wp-content\/uploads\/2022\/01\/Screenshot_3-4-1024x669-1-696x455.jpg 696w, https:\/\/zjarr.tv\/wp-content\/uploads\/2022\/01\/Screenshot_3-4-1024x669-1-643x420.jpg 643w, https:\/\/zjarr.tv\/wp-content\/uploads\/2022\/01\/Screenshot_3-4-1024x669-1-741x486.jpg 741w, https:\/\/zjarr.tv\/wp-content\/uploads\/2022\/01\/Screenshot_3-4-1024x669-1.jpg 1024w\" sizes=\"auto, (max-width: 300px) 100vw, 300px\" \/><\/p>","protected":false},"excerpt":{"rendered":"<p>Mb\u00ebshtet\u00ebsit e ish-kryeministrit Sali Berisha kan\u00eb d\u00ebshtuar t\u00eb ngjiten n\u00eb katin e dyt\u00eb t\u00eb selis\u00eb s\u00eb PD. Ata kan\u00eb marr\u00eb nj\u00eb shkall\u00eb t\u00eb gjat\u00eb dhe jan\u00eb ngjitur n\u00eb katin e dyt\u00eb por aty jan\u00eb sulmuar me gaz lotsjell\u00ebs dhe sende t\u00eb forta nga persona nde t\u00eb paidentifikuar. Si\u00e7 shihet dhe nga fotot, disa persona q\u00eb [&hellip;]<\/p>\n","protected":false},"author":2030,"featured_media":229250,"comment_status":"closed","ping_status":"closed","sticky":false,"template":"","format":"standard","meta":{"footnotes":""},"categories":[241,231,1454],"tags":[],"class_list":{"0":"post-229249","1":"post","2":"type-post","3":"status-publish","4":"format-standard","5":"has-post-thumbnail","7":"category-aktualitet","8":"category-lajme","9":"category-politike"},"_links":{"self":[{"href":"https:\/\/zjarr.tv\/en\/wp-json\/wp\/v2\/posts\/229249","targetHints":{"allow":["GET"]}}],"collection":[{"href":"https:\/\/zjarr.tv\/en\/wp-json\/wp\/v2\/posts"}],"about":[{"href":"https:\/\/zjarr.tv\/en\/wp-json\/wp\/v2\/types\/post"}],"author":[{"embeddable":true,"href":"https:\/\/zjarr.tv\/en\/wp-json\/wp\/v2\/users\/2030"}],"replies":[{"embeddable":true,"href":"https:\/\/zjarr.tv\/en\/wp-json\/wp\/v2\/comments?post=229249"}],"version-history":[{"count":0,"href":"https:\/\/zjarr.tv\/en\/wp-json\/wp\/v2\/posts\/229249\/revisions"}],"wp:featuredmedia":[{"embeddable":true,"href":"https:\/\/zjarr.tv\/en\/wp-json\/wp\/v2\/media\/229250"}],"wp:attachment":[{"href":"https:\/\/zjarr.tv\/en\/wp-json\/wp\/v2\/media?parent=229249"}],"wp:term":[{"taxonomy":"category","embeddable":true,"href":"https:\/\/zjarr.tv\/en\/wp-json\/wp\/v2\/categories?post=229249"},{"taxonomy":"post_tag","embeddable":true,"href":"https:\/\/zjarr.tv\/en\/wp-json\/wp\/v2\/tags?post=229249"}],"curies":[{"name":"wp","href":"https:\/\/api.w.org\/{rel}","templated":true}]}}