{"id":229257,"date":"2022-01-08T13:13:40","date_gmt":"2022-01-08T12:13:40","guid":{"rendered":"https:\/\/zjarr.tv\/?p=229257"},"modified":"2022-01-08T13:13:40","modified_gmt":"2022-01-08T12:13:40","slug":"berisha-i-njejte-me-ramen-e-21-janarit-reagon-serish-pd-ai-eshte-i-braktisur-nga-demokratet-jane-me-pak-se-800-mercenare-ne-oborrin-e-pd","status":"publish","type":"post","link":"https:\/\/zjarr.tv\/en\/berisha-i-njejte-me-ramen-e-21-janarit-reagon-serish-pd-ai-eshte-i-braktisur-nga-demokratet-jane-me-pak-se-800-mercenare-ne-oborrin-e-pd\/","title":{"rendered":"\u201cBerisha i nj\u00ebjt\u00eb me Ram\u00ebn e 21 janarit\u201d, reagon s\u00ebrish PD: Ai \u00ebsht\u00eb i braktisur nga demokrat\u00ebt, jan\u00eb m\u00eb pak se 800 mercenar\u00eb n\u00eb oborrin e PD"},"content":{"rendered":"<p>Partia Demokratike edhe nj\u00eb her\u00eb ka reaguar pas dhun\u00ebs dhe situat\u00ebs s\u00eb tensionuar q\u00eb vijon k\u00ebto momente n\u00eb selin\u00eb e Partis\u00eb Demokratike. N\u00eb nj\u00eb deklarat\u00eb thuhet se Berisha \u00ebsht\u00eb i nj\u00ebjt\u00eb me Ram\u00ebn e 21 janarit, duke k\u00ebrkuar q\u00eb t\u00eb marr\u00eb me me dhun\u00eb Partin\u00eb Demokratike.<\/p>\n<p>\u201cKa nj\u00eb lajm t\u00eb mir\u00eb n\u00eb k\u00ebt\u00eb fatkeq\u00ebsi p\u00ebr Sali Berish\u00ebn: Ai \u00ebsht\u00eb i braktisur nga demokrat\u00ebt. Jan\u00eb m\u00eb pak se 800 mercenar\u00eb n\u00eb oborrin e PD, q\u00eb ushtrojn\u00eb dhun\u00eb n\u00eb k\u00ebt\u00eb p\u00ebrpjekje t\u00eb turpshme kund\u00ebr demokrat\u00ebve\u201dthuhet nd\u00ebr t\u00eb tjera.<\/p>\n<p>Deklarate e Partise Demokratike:<\/p>\n<p>P\u00ebr t\u00eb ardhur keq ku p\u00ebrfundoi Sali Berisha, i nj\u00ebjt\u00eb me Edi Ram\u00ebn e 21 Janarit! Me nj\u00eb grusht njer\u00ebzish k\u00ebrkon t\u00eb marr\u00eb me dhun\u00eb Partin\u00eb Demokratike p\u00ebr ta kthyer n\u00eb nj\u00eb bunker, ku t\u00eb strehoj\u00eb veten dhe familjen kund\u00ebr interesit t\u00eb demokrat\u00ebve dhe t\u00eb shqiptar\u00ebve!<\/p>\n<p>Ka nj\u00eb lajm t\u00eb mir\u00eb n\u00eb k\u00ebt\u00eb fatkeq\u00ebsi p\u00ebr Sali Berish\u00ebn: Ai \u00ebsht\u00eb i braktisur nga demokrat\u00ebt. Jan\u00eb m\u00eb pak se 800 mercenar\u00eb n\u00eb oborrin e PD, q\u00eb ushtrojn\u00eb dhun\u00eb n\u00eb k\u00ebt\u00eb p\u00ebrpjekje t\u00eb turpshme kund\u00ebr demokrat\u00ebve.<\/p>\n<p>Aktet e dhun\u00ebs s\u00eb sotme kund\u00ebr Partis\u00eb Demokratike sh\u00ebnojn\u00eb izolimin final t\u00eb Sali Berish\u00ebs dhe largimin me turp nga skena politike.<\/p>","protected":false},"excerpt":{"rendered":"<p>Partia Demokratike edhe nj\u00eb her\u00eb ka reaguar pas dhun\u00ebs dhe situat\u00ebs s\u00eb tensionuar q\u00eb vijon k\u00ebto momente n\u00eb selin\u00eb e Partis\u00eb Demokratike. N\u00eb nj\u00eb deklarat\u00eb thuhet se Berisha \u00ebsht\u00eb i nj\u00ebjt\u00eb me Ram\u00ebn e 21 janarit, duke k\u00ebrkuar q\u00eb t\u00eb marr\u00eb me me dhun\u00eb Partin\u00eb Demokratike. \u201cKa nj\u00eb lajm t\u00eb mir\u00eb n\u00eb k\u00ebt\u00eb fatkeq\u00ebsi p\u00ebr [&hellip;]<\/p>\n","protected":false},"author":2030,"featured_media":229258,"comment_status":"closed","ping_status":"closed","sticky":false,"template":"","format":"standard","meta":{"footnotes":""},"categories":[241,1454],"tags":[],"class_list":{"0":"post-229257","1":"post","2":"type-post","3":"status-publish","4":"format-standard","5":"has-post-thumbnail","7":"category-aktualitet","8":"category-politike"},"_links":{"self":[{"href":"https:\/\/zjarr.tv\/en\/wp-json\/wp\/v2\/posts\/229257","targetHints":{"allow":["GET"]}}],"collection":[{"href":"https:\/\/zjarr.tv\/en\/wp-json\/wp\/v2\/posts"}],"about":[{"href":"https:\/\/zjarr.tv\/en\/wp-json\/wp\/v2\/types\/post"}],"author":[{"embeddable":true,"href":"https:\/\/zjarr.tv\/en\/wp-json\/wp\/v2\/users\/2030"}],"replies":[{"embeddable":true,"href":"https:\/\/zjarr.tv\/en\/wp-json\/wp\/v2\/comments?post=229257"}],"version-history":[{"count":0,"href":"https:\/\/zjarr.tv\/en\/wp-json\/wp\/v2\/posts\/229257\/revisions"}],"wp:featuredmedia":[{"embeddable":true,"href":"https:\/\/zjarr.tv\/en\/wp-json\/wp\/v2\/media\/229258"}],"wp:attachment":[{"href":"https:\/\/zjarr.tv\/en\/wp-json\/wp\/v2\/media?parent=229257"}],"wp:term":[{"taxonomy":"category","embeddable":true,"href":"https:\/\/zjarr.tv\/en\/wp-json\/wp\/v2\/categories?post=229257"},{"taxonomy":"post_tag","embeddable":true,"href":"https:\/\/zjarr.tv\/en\/wp-json\/wp\/v2\/tags?post=229257"}],"curies":[{"name":"wp","href":"https:\/\/api.w.org\/{rel}","templated":true}]}}