{"id":229275,"date":"2022-01-08T13:43:20","date_gmt":"2022-01-08T12:43:20","guid":{"rendered":"https:\/\/zjarr.tv\/?p=229275"},"modified":"2022-01-08T13:43:20","modified_gmt":"2022-01-08T12:43:20","slug":"protesta-per-marrjen-e-selise-reagon-me-urgjence-pd-te-nderhyje-policia-po-rrezikohemi-te-gjithe","status":"publish","type":"post","link":"https:\/\/zjarr.tv\/en\/protesta-per-marrjen-e-selise-reagon-me-urgjence-pd-te-nderhyje-policia-po-rrezikohemi-te-gjithe\/","title":{"rendered":"Protesta p\u00ebr marrjen e selis\u00eb, reagon me urgjenc\u00eb PD: T\u00eb nd\u00ebrhyj\u00eb policia, po rrezikohemi t\u00eb gjith\u00eb"},"content":{"rendered":"<p>Partia Demokratike k\u00ebrkon nd\u00ebrhyrjen e Policis\u00eb s\u00eb Shtetit p\u00ebr t\u00eb v\u00ebn\u00eb n\u00ebn kontroll situat\u00ebn para selis\u00eb blu. P\u00ebrmes nj\u00eb reagimi vet\u00ebm pak \u00e7aste m\u00eb par\u00eb, PD thot\u00eb se dhuna e nxitur nga Sali Berisha n\u00eb protest\u00eb, po rrezikon jet\u00ebn e demokrat\u00ebve dhe zyrtar\u00ebve t\u00eb lart\u00eb q\u00eb ndodhen brenda godin\u00ebs.<\/p>\n<p>\u201cI b\u00ebjm\u00eb thirrje institucioneve t\u00eb nd\u00ebrhyjn\u00eb p\u00ebr t\u00eb shmangur viktimat e dhun\u00ebs s\u00eb Sali Berish\u00ebs mes demokrat\u00ebve\u201d<\/p>\n<p>DEKLARATE E PARTISE DEMOKRATIKE:<\/p>\n<p>Sali Berisha po rrezikon jet\u00ebn e dhjet\u00ebra demokrat\u00ebve me aktet e dhun\u00ebs s\u00eb sotme! Me nj\u00eb akt t\u00eb paprecedent\u00eb, mercenar\u00ebt n\u00ebn urdhrat e tij, po sulmojne godin\u00ebn e Partis\u00eb Demokratike, duke v\u00ebn\u00eb n\u00eb rrezik real jet\u00ebn e drejtuesve m\u00eb t\u00eb lart\u00eb t\u00eb Partis\u00eb Demokratike n\u00eb qend\u00ebr dhe n\u00eb rrethe, si dhe t\u00eb dhjet\u00ebra demokrat\u00ebve t\u00eb tjer\u00eb.<\/p>\n<p>Gjakderdhja duhet ndalur nga institucionet ligjzbatuese!<\/p>\n<p>I b\u00ebjm\u00eb thirrje institucioneve t\u00eb nd\u00ebrhyjn\u00eb p\u00ebr t\u00eb shmangur viktimat e dhun\u00ebs s\u00eb Sali Berish\u00ebs mes demokrat\u00ebve!<\/p>","protected":false},"excerpt":{"rendered":"<p>Partia Demokratike k\u00ebrkon nd\u00ebrhyrjen e Policis\u00eb s\u00eb Shtetit p\u00ebr t\u00eb v\u00ebn\u00eb n\u00ebn kontroll situat\u00ebn para selis\u00eb blu. P\u00ebrmes nj\u00eb reagimi vet\u00ebm pak \u00e7aste m\u00eb par\u00eb, PD thot\u00eb se dhuna e nxitur nga Sali Berisha n\u00eb protest\u00eb, po rrezikon jet\u00ebn e demokrat\u00ebve dhe zyrtar\u00ebve t\u00eb lart\u00eb q\u00eb ndodhen brenda godin\u00ebs. \u201cI b\u00ebjm\u00eb thirrje institucioneve t\u00eb nd\u00ebrhyjn\u00eb [&hellip;]<\/p>\n","protected":false},"author":2030,"featured_media":182821,"comment_status":"closed","ping_status":"closed","sticky":false,"template":"","format":"standard","meta":{"footnotes":""},"categories":[241,5380,1454],"tags":[],"class_list":{"0":"post-229275","1":"post","2":"type-post","3":"status-publish","4":"format-standard","5":"has-post-thumbnail","7":"category-aktualitet","8":"category-kryesore","9":"category-politike"},"_links":{"self":[{"href":"https:\/\/zjarr.tv\/en\/wp-json\/wp\/v2\/posts\/229275","targetHints":{"allow":["GET"]}}],"collection":[{"href":"https:\/\/zjarr.tv\/en\/wp-json\/wp\/v2\/posts"}],"about":[{"href":"https:\/\/zjarr.tv\/en\/wp-json\/wp\/v2\/types\/post"}],"author":[{"embeddable":true,"href":"https:\/\/zjarr.tv\/en\/wp-json\/wp\/v2\/users\/2030"}],"replies":[{"embeddable":true,"href":"https:\/\/zjarr.tv\/en\/wp-json\/wp\/v2\/comments?post=229275"}],"version-history":[{"count":0,"href":"https:\/\/zjarr.tv\/en\/wp-json\/wp\/v2\/posts\/229275\/revisions"}],"wp:featuredmedia":[{"embeddable":true,"href":"https:\/\/zjarr.tv\/en\/wp-json\/wp\/v2\/media\/182821"}],"wp:attachment":[{"href":"https:\/\/zjarr.tv\/en\/wp-json\/wp\/v2\/media?parent=229275"}],"wp:term":[{"taxonomy":"category","embeddable":true,"href":"https:\/\/zjarr.tv\/en\/wp-json\/wp\/v2\/categories?post=229275"},{"taxonomy":"post_tag","embeddable":true,"href":"https:\/\/zjarr.tv\/en\/wp-json\/wp\/v2\/tags?post=229275"}],"curies":[{"name":"wp","href":"https:\/\/api.w.org\/{rel}","templated":true}]}}