{"id":229278,"date":"2022-01-08T13:46:23","date_gmt":"2022-01-08T12:46:23","guid":{"rendered":"https:\/\/zjarr.tv\/?p=229278"},"modified":"2022-01-08T13:46:23","modified_gmt":"2022-01-08T12:46:23","slug":"pas-thirrjes-se-pd-policia-e-shtetit-jemi-te-gatshem-per-nderhyrjen","status":"publish","type":"post","link":"https:\/\/zjarr.tv\/en\/pas-thirrjes-se-pd-policia-e-shtetit-jemi-te-gatshem-per-nderhyrjen\/","title":{"rendered":"Pas thirrjes s\u00eb PD, Policia e Shtetit: Jemi t\u00eb gatsh\u00ebm p\u00ebr nd\u00ebrhyrjen"},"content":{"rendered":"<p>Policia e shtetit ka njoftuar se ka marr\u00eb masa p\u00ebr t\u00eb nd\u00ebrhyr\u00eb n\u00eb protest\u00ebn q\u00eb po zhvillohet para selis\u00eb s\u00eb PD. Situata p\u00ebrshkall\u00ebzoi pasi filloi t\u00eb p\u00ebrdorej edhe gazi lotsjell\u00ebs dhe protestuesit arrit\u00ebn t\u00eb thyenin xhama dhe disa dyer.<\/p>\n<p>Sipas njoftimit t\u00eb b\u00ebr\u00eb n\u00eb deklarat\u00ebn e policis\u00eb, nj\u00eb grup deputet\u00ebsh kan\u00eb k\u00ebrkuar ndihm\u00eb duke th\u00ebn\u00eb se u rrezikohej jeta nga protestuesit e mbledhur para selis\u00eb.<\/p>\n<p>Njoftimi i Plot\u00eb nga Policia e Shtetit:<\/p>\n<p>N\u00eb baz\u00eb t\u00eb nj\u00eb k\u00ebrkese t\u00eb b\u00ebr\u00eb Policis\u00eb s\u00eb Shtetit, nga nj\u00eb grup deputet\u00ebsh t\u00eb Partis\u00eb Demokratike, t\u00eb cil\u00ebt kan\u00eb k\u00ebrkuar ndihm\u00ebn e Policis\u00eb, pasi i rrezikohej jeta nga protestuesit, sqarojm\u00eb se:<\/p>\n<p>Policia e Shtetit \u00ebsht\u00eb gati p\u00ebr t\u00eb nd\u00ebrhyr\u00eb n\u00eb ndihm\u00eb t\u00eb deputet\u00ebve q\u00eb kan\u00eb k\u00ebrkuar ndihm\u00eb dhe u b\u00ebn thirrje protestuesve q\u00eb t\u00eb distancohen menj\u00ebher\u00eb nga aktet e shkat\u00ebrrimit t\u00eb pron\u00ebs dhe aktet e dhun\u00ebs.<\/p>\n<p>Policia e Shtetit u b\u00ebn thirrje organizator\u00ebve t\u00eb protest\u00ebs q\u00eb t\u00eb p\u00ebrmbajn\u00eb protestuesit dhe t\u00eb shmangin \u00e7do rast dhune, sepse do p\u00ebrballen me ligjin.<\/p>","protected":false},"excerpt":{"rendered":"<p>Policia e shtetit ka njoftuar se ka marr\u00eb masa p\u00ebr t\u00eb nd\u00ebrhyr\u00eb n\u00eb protest\u00ebn q\u00eb po zhvillohet para selis\u00eb s\u00eb PD. Situata p\u00ebrshkall\u00ebzoi pasi filloi t\u00eb p\u00ebrdorej edhe gazi lotsjell\u00ebs dhe protestuesit arrit\u00ebn t\u00eb thyenin xhama dhe disa dyer. Sipas njoftimit t\u00eb b\u00ebr\u00eb n\u00eb deklarat\u00ebn e policis\u00eb, nj\u00eb grup deputet\u00ebsh kan\u00eb k\u00ebrkuar ndihm\u00eb duke th\u00ebn\u00eb [&hellip;]<\/p>\n","protected":false},"author":2030,"featured_media":229279,"comment_status":"closed","ping_status":"closed","sticky":false,"template":"","format":"standard","meta":{"footnotes":""},"categories":[241,231,1454],"tags":[],"class_list":{"0":"post-229278","1":"post","2":"type-post","3":"status-publish","4":"format-standard","5":"has-post-thumbnail","7":"category-aktualitet","8":"category-lajme","9":"category-politike"},"_links":{"self":[{"href":"https:\/\/zjarr.tv\/en\/wp-json\/wp\/v2\/posts\/229278","targetHints":{"allow":["GET"]}}],"collection":[{"href":"https:\/\/zjarr.tv\/en\/wp-json\/wp\/v2\/posts"}],"about":[{"href":"https:\/\/zjarr.tv\/en\/wp-json\/wp\/v2\/types\/post"}],"author":[{"embeddable":true,"href":"https:\/\/zjarr.tv\/en\/wp-json\/wp\/v2\/users\/2030"}],"replies":[{"embeddable":true,"href":"https:\/\/zjarr.tv\/en\/wp-json\/wp\/v2\/comments?post=229278"}],"version-history":[{"count":0,"href":"https:\/\/zjarr.tv\/en\/wp-json\/wp\/v2\/posts\/229278\/revisions"}],"wp:featuredmedia":[{"embeddable":true,"href":"https:\/\/zjarr.tv\/en\/wp-json\/wp\/v2\/media\/229279"}],"wp:attachment":[{"href":"https:\/\/zjarr.tv\/en\/wp-json\/wp\/v2\/media?parent=229278"}],"wp:term":[{"taxonomy":"category","embeddable":true,"href":"https:\/\/zjarr.tv\/en\/wp-json\/wp\/v2\/categories?post=229278"},{"taxonomy":"post_tag","embeddable":true,"href":"https:\/\/zjarr.tv\/en\/wp-json\/wp\/v2\/tags?post=229278"}],"curies":[{"name":"wp","href":"https:\/\/api.w.org\/{rel}","templated":true}]}}