{"id":229298,"date":"2022-01-08T14:12:14","date_gmt":"2022-01-08T13:12:14","guid":{"rendered":"https:\/\/zjarr.tv\/?p=229298"},"modified":"2022-01-08T14:12:14","modified_gmt":"2022-01-08T13:12:14","slug":"grida-duma-flet-e-perlotur-distancohem-nga-dhuna-e-sali-berishes-ai-rrinte-te-shkallet-grate-qe-ishin-ne-seli-jane-traumatizuar","status":"publish","type":"post","link":"https:\/\/zjarr.tv\/en\/grida-duma-flet-e-perlotur-distancohem-nga-dhuna-e-sali-berishes-ai-rrinte-te-shkallet-grate-qe-ishin-ne-seli-jane-traumatizuar\/","title":{"rendered":"Grida Duma flet e p\u00ebrlotur: Distancohem nga dhuna e Sali Berish\u00ebs! Ai rrinte t\u00eb shkall\u00ebt, grat\u00eb q\u00eb ishin n\u00eb seli jan\u00eb traumatizuar"},"content":{"rendered":"<p>Deputetja dhe n\u00ebnkryetarja e PD Grida Duma, flet e p\u00ebrlotur nga selia e partis\u00eb pas protest\u00ebs s\u00eb thirrur nga ish-kryeministri Sali Berisha. Ajo dhe nj\u00eb grup i madh deputet\u00ebsh dhe deputetesh ndodheshin n\u00eb ambientet e brendshme t\u00eb PD kur mb\u00ebshtet\u00ebsit e Berish\u00ebs tentuan t\u00eb futen brenda me forc\u00eb.<\/p>\n<p>Duma tha se distancohej nga dhuna e Sali Berish\u00ebs. Ajo tregoi se me grat\u00eb dhe personat e tjer\u00eb kishin dal\u00eb n\u00eb tarrac\u00eb pasi brenda nuk mund t\u00eb merrnin dot m\u00eb frym\u00eb.<\/p>\n<p>\u201cKjo \u00ebsht\u00eb PD sot. Moment i r\u00ebnd\u00eb. Jo vet\u00ebm p\u00ebr gazin, p\u00ebr dhun\u00ebn, p\u00ebr zonjat q\u00eb ishin brenda me besimin absolut q\u00eb ka nj\u00eb demokrat q\u00eb mund t\u00eb sulmoj\u00eb nj\u00eb demokrat tjet\u00ebr. Nuk ka dhe nuk mund t\u00eb ket\u00eb. Erdh\u00ebm k\u00ebtu me besimin e plot q\u00eb asnj\u00eb njeri nuk mund t\u2019i l\u00ebr\u00eb kauzat p\u00ebr gjysm\u00eb. Un\u00eb nuk besoj te dhuna, te saldimi i portave, te heqja e vidave.<\/p>\n<p>P\u00ebrmes telefonit u thoja hajdeni k\u00ebtu, futuni brenda normal.\u00a0 Ata q\u00eb jan\u00eb zgjedhur nga populli, q\u00eb jan\u00eb grupi i deputet\u00ebve t\u00eb PD duhet t\u00eb gjenin m\u00ebnyr\u00ebn t\u00eb vinin t\u00eb diskutonin qet\u00ebsisht. \u00cbsht\u00eb nj\u00eb fatkeq\u00ebsi p\u00ebr ne t\u00eb gjith\u00eb q\u00eb kemi b\u00ebr\u00eb protesta kund\u00ebr Edi Ram\u00ebs, sot b\u00ebjm\u00eb protesta kund\u00ebr nj\u00ebri-tjetrit.<\/p>\n<p>E papranueshme, k\u00ebrkohet zgjidhje. Nuk \u00ebsht\u00eb \u00e7\u00ebshtje godine, \u00ebsht\u00eb \u00e7\u00ebshtje njer\u00ebzish q\u00eb besojn\u00eb n\u00eb kauza reale. Ne prit\u00ebm q\u00eb ata t\u00eb vinin me nj\u00eb lloj normaliteti t\u00eb negocionte me qet\u00ebsi. Distancohem nga dhuna \u00ebsht\u00eb pak ta thuash, e d\u00ebnoj dhun\u00ebn \u00ebsht\u00eb shum\u00eb. Duhet nd\u00ebshkuar dhuna p\u00ebr nj\u00eb t\u00eb ardhme t\u00eb PD.<\/p>\n<p>Ata demokrat\u00eb q\u00eb hyp\u00ebn atje n\u00ebp\u00ebr shkall\u00eb jan\u00eb t\u00eb keqp\u00ebrdorur. Distancohem nga dhuna e Sali Berish\u00ebs. \u00cbsht\u00eb e r\u00ebnd\u00eb. \u00cbsht\u00eb e r\u00ebnd\u00eb ta shohesh t\u00eb rri te shkall\u00ebt e partis\u00eb dhe t\u00eb thot\u00eb nuk ka dhun\u00eb, kur t\u00eb gjith\u00eb jan\u00eb t\u00eb traumatizuar. Un\u00eb u k\u00ebrkoj gjith\u00eb shqiptar\u00ebve ta k\u00ebrkojn\u00eb se kjo nuk \u00ebsht\u00eb vet\u00ebm \u00e7\u00ebshtje e PD.<\/p>\n<p>E vjetra duhet t\u00eb largohet, por dhe meritokracia duhet t\u00eb nd\u00ebrtohet. Boll m\u00eb me nj\u00eb t\u00eb re q\u00eb kopjon t\u00eb vjetr\u00ebn. Boll m\u00eb me nj\u00eb te vjet\u00ebr q\u00eb nuk e di ku e ka vendin n\u00eb histori. Kemi dal\u00eb t\u00eb pjesa e verand\u00ebs se ka qen\u00eb e pamundur t\u00eb merrje frym\u00eb.<\/p>","protected":false},"excerpt":{"rendered":"<p>Deputetja dhe n\u00ebnkryetarja e PD Grida Duma, flet e p\u00ebrlotur nga selia e partis\u00eb pas protest\u00ebs s\u00eb thirrur nga ish-kryeministri Sali Berisha. Ajo dhe nj\u00eb grup i madh deputet\u00ebsh dhe deputetesh ndodheshin n\u00eb ambientet e brendshme t\u00eb PD kur mb\u00ebshtet\u00ebsit e Berish\u00ebs tentuan t\u00eb futen brenda me forc\u00eb. Duma tha se distancohej nga dhuna e [&hellip;]<\/p>\n","protected":false},"author":2030,"featured_media":229299,"comment_status":"closed","ping_status":"closed","sticky":false,"template":"","format":"standard","meta":{"footnotes":""},"categories":[241,3366,5380,1454],"tags":[],"class_list":{"0":"post-229298","1":"post","2":"type-post","3":"status-publish","4":"format-standard","5":"has-post-thumbnail","7":"category-aktualitet","8":"category-koment","9":"category-kryesore","10":"category-politike"},"_links":{"self":[{"href":"https:\/\/zjarr.tv\/en\/wp-json\/wp\/v2\/posts\/229298","targetHints":{"allow":["GET"]}}],"collection":[{"href":"https:\/\/zjarr.tv\/en\/wp-json\/wp\/v2\/posts"}],"about":[{"href":"https:\/\/zjarr.tv\/en\/wp-json\/wp\/v2\/types\/post"}],"author":[{"embeddable":true,"href":"https:\/\/zjarr.tv\/en\/wp-json\/wp\/v2\/users\/2030"}],"replies":[{"embeddable":true,"href":"https:\/\/zjarr.tv\/en\/wp-json\/wp\/v2\/comments?post=229298"}],"version-history":[{"count":0,"href":"https:\/\/zjarr.tv\/en\/wp-json\/wp\/v2\/posts\/229298\/revisions"}],"wp:featuredmedia":[{"embeddable":true,"href":"https:\/\/zjarr.tv\/en\/wp-json\/wp\/v2\/media\/229299"}],"wp:attachment":[{"href":"https:\/\/zjarr.tv\/en\/wp-json\/wp\/v2\/media?parent=229298"}],"wp:term":[{"taxonomy":"category","embeddable":true,"href":"https:\/\/zjarr.tv\/en\/wp-json\/wp\/v2\/categories?post=229298"},{"taxonomy":"post_tag","embeddable":true,"href":"https:\/\/zjarr.tv\/en\/wp-json\/wp\/v2\/tags?post=229298"}],"curies":[{"name":"wp","href":"https:\/\/api.w.org\/{rel}","templated":true}]}}