{"id":229309,"date":"2022-01-08T14:31:59","date_gmt":"2022-01-08T13:31:59","guid":{"rendered":"https:\/\/zjarr.tv\/?p=229309"},"modified":"2022-01-08T14:31:59","modified_gmt":"2022-01-08T13:31:59","slug":"lajm-i-fundit-berisha-mbyll-protesten-njofton-betejen-e-radhes-do-jete-ne-forma-edhe-me-te-fuqishme","status":"publish","type":"post","link":"https:\/\/zjarr.tv\/en\/lajm-i-fundit-berisha-mbyll-protesten-njofton-betejen-e-radhes-do-jete-ne-forma-edhe-me-te-fuqishme\/","title":{"rendered":"LAJM I FUNDIT\/ Berisha mbyll protest\u00ebn, njofton \u201cbetej\u00ebn\u201d e radh\u00ebs: Do jet\u00eb n\u00eb forma edhe m\u00eb t\u00eb fuqishme"},"content":{"rendered":"<p>Ish kryeministri Sali Berisha ka njoftuar mbylljen e protest\u00ebs s\u00eb sotme teksa ka deklaruar se do t\u00eb ket\u00eb protest\u00eb tjet\u00ebr.<\/p>\n<p>Ai tha se s\u00eb shpejti do t\u00eb njoftohet p\u00ebr nj\u00eb protest\u00eb tjet\u00ebr, teksa tha se do t\u00eb jet\u00eb n\u00eb forma edhe m\u00eb t\u00eb fuqishme.<\/p>\n<p>\u201cDo njoftojm\u00eb shum\u00eb shpejt betej\u00ebn tjet\u00ebr. T\u00eb bashkohemi n\u00eb betej\u00ebn ton\u00eb n\u00eb realizimin ton\u00eb t\u00eb q\u00ebllimeve. Nj\u00eb narkoshtet nj\u00eb diktatur\u00eb t\u00eb v\u00ebrtet\u00eb. Kjo d\u00ebshmon sesa jetike \u00ebsht\u00eb p\u00ebrpjekja jon\u00eb p\u00ebr t\u00eb b\u00ebr\u00eb nj\u00eb opozit\u00eb t\u00eb v\u00ebrtet\u00eb. Ta mbyllim k\u00ebt\u00eb protest\u00eb p\u00ebr ta vazhduar n\u00eb forma edhe m\u00eb t\u00eb fuqishme sesa kjo sot\u201d tha ai nd\u00ebr t\u00eb tjera.<\/p>","protected":false},"excerpt":{"rendered":"<p>Ish kryeministri Sali Berisha ka njoftuar mbylljen e protest\u00ebs s\u00eb sotme teksa ka deklaruar se do t\u00eb ket\u00eb protest\u00eb tjet\u00ebr. Ai tha se s\u00eb shpejti do t\u00eb njoftohet p\u00ebr nj\u00eb protest\u00eb tjet\u00ebr, teksa tha se do t\u00eb jet\u00eb n\u00eb forma edhe m\u00eb t\u00eb fuqishme. \u201cDo njoftojm\u00eb shum\u00eb shpejt betej\u00ebn tjet\u00ebr. T\u00eb bashkohemi n\u00eb betej\u00ebn ton\u00eb [&hellip;]<\/p>\n","protected":false},"author":2030,"featured_media":229310,"comment_status":"closed","ping_status":"closed","sticky":false,"template":"","format":"standard","meta":{"footnotes":""},"categories":[241,5380,1454],"tags":[],"class_list":{"0":"post-229309","1":"post","2":"type-post","3":"status-publish","4":"format-standard","5":"has-post-thumbnail","7":"category-aktualitet","8":"category-kryesore","9":"category-politike"},"_links":{"self":[{"href":"https:\/\/zjarr.tv\/en\/wp-json\/wp\/v2\/posts\/229309","targetHints":{"allow":["GET"]}}],"collection":[{"href":"https:\/\/zjarr.tv\/en\/wp-json\/wp\/v2\/posts"}],"about":[{"href":"https:\/\/zjarr.tv\/en\/wp-json\/wp\/v2\/types\/post"}],"author":[{"embeddable":true,"href":"https:\/\/zjarr.tv\/en\/wp-json\/wp\/v2\/users\/2030"}],"replies":[{"embeddable":true,"href":"https:\/\/zjarr.tv\/en\/wp-json\/wp\/v2\/comments?post=229309"}],"version-history":[{"count":0,"href":"https:\/\/zjarr.tv\/en\/wp-json\/wp\/v2\/posts\/229309\/revisions"}],"wp:featuredmedia":[{"embeddable":true,"href":"https:\/\/zjarr.tv\/en\/wp-json\/wp\/v2\/media\/229310"}],"wp:attachment":[{"href":"https:\/\/zjarr.tv\/en\/wp-json\/wp\/v2\/media?parent=229309"}],"wp:term":[{"taxonomy":"category","embeddable":true,"href":"https:\/\/zjarr.tv\/en\/wp-json\/wp\/v2\/categories?post=229309"},{"taxonomy":"post_tag","embeddable":true,"href":"https:\/\/zjarr.tv\/en\/wp-json\/wp\/v2\/tags?post=229309"}],"curies":[{"name":"wp","href":"https:\/\/api.w.org\/{rel}","templated":true}]}}