{"id":229317,"date":"2022-01-08T15:33:02","date_gmt":"2022-01-08T14:33:02","guid":{"rendered":"https:\/\/zjarr.tv\/?p=229317"},"modified":"2022-01-08T15:33:02","modified_gmt":"2022-01-08T14:33:02","slug":"malltezi-publikon-foton-e-forcave-speciale-dhe-shkruan-mbrojne-investimin-e-edi-rames","status":"publish","type":"post","link":"https:\/\/zjarr.tv\/en\/malltezi-publikon-foton-e-forcave-speciale-dhe-shkruan-mbrojne-investimin-e-edi-rames\/","title":{"rendered":"Malltezi publikon FOTON e Forcave Speciale dhe shkruan: Mbrojn\u00eb investimin e Edi Ram\u00ebs"},"content":{"rendered":"<p>Jamarb\u00ebr Malltezi, dh\u00ebndri i ish-kryeministrit Sali Berisha, reagon pas protest\u00ebs s\u00eb zhvilluar sot n\u00eb godin\u00ebn e selis\u00eb s\u00eb PD. Ai publikon foton e Forcave Speciale q\u00eb mor\u00ebn shum\u00eb shpejt kontrollin n\u00eb godin\u00ebn ku ndodhej Basha dhe zyrtar\u00eb t\u00eb lart\u00eb t\u00eb PD dhe ironizon.<\/p>\n<p>\u201cMbrojn\u00eb investimin e Edi Ram\u00ebs\u201d, shkruan Malltezi.<\/p>\n<p>Prej paradites s\u00eb sotme n\u00eb selin\u00eb e PD \u00ebsht\u00eb zhvilluar nj\u00eb protest\u00eb e thirrur nga ish-kryeministri Sali Berisha. Aktet e dhun\u00ebs nuk kan\u00eb munguar. Mb\u00ebshtet\u00ebsit e Berish\u00ebs kan\u00eb p\u00ebrdorur sende t\u00eb forta dhe mjete t\u00eb specializuara p\u00ebr t\u00eb shqyer dyert e PD por nuk kan\u00eb mundur.<\/p>\n<p>N\u00eb nj\u00eb moment PD ka k\u00ebrkuar ndihm\u00ebn e Policis\u00eb pasi deputet\u00ebve q\u00eb ishin brenda u rrezikohej jeta dhe Forcat Speciale kan\u00eb nd\u00ebrhyr\u00eb menj\u00ebher\u00eb. Turma e protestuesve \u00ebsht\u00eb shp\u00ebrndar\u00eb \u201cnga syt\u00eb k\u00ebmb\u00ebt\u201d pasi \u00ebsht\u00eb hedhur gaz lotsjell\u00ebs.<\/p>","protected":false},"excerpt":{"rendered":"<p>Jamarb\u00ebr Malltezi, dh\u00ebndri i ish-kryeministrit Sali Berisha, reagon pas protest\u00ebs s\u00eb zhvilluar sot n\u00eb godin\u00ebn e selis\u00eb s\u00eb PD. Ai publikon foton e Forcave Speciale q\u00eb mor\u00ebn shum\u00eb shpejt kontrollin n\u00eb godin\u00ebn ku ndodhej Basha dhe zyrtar\u00eb t\u00eb lart\u00eb t\u00eb PD dhe ironizon. \u201cMbrojn\u00eb investimin e Edi Ram\u00ebs\u201d, shkruan Malltezi. Prej paradites s\u00eb sotme n\u00eb [&hellip;]<\/p>\n","protected":false},"author":2030,"featured_media":229318,"comment_status":"closed","ping_status":"closed","sticky":false,"template":"","format":"standard","meta":{"footnotes":""},"categories":[241,3366,5380,1454],"tags":[],"class_list":{"0":"post-229317","1":"post","2":"type-post","3":"status-publish","4":"format-standard","5":"has-post-thumbnail","7":"category-aktualitet","8":"category-koment","9":"category-kryesore","10":"category-politike"},"_links":{"self":[{"href":"https:\/\/zjarr.tv\/en\/wp-json\/wp\/v2\/posts\/229317","targetHints":{"allow":["GET"]}}],"collection":[{"href":"https:\/\/zjarr.tv\/en\/wp-json\/wp\/v2\/posts"}],"about":[{"href":"https:\/\/zjarr.tv\/en\/wp-json\/wp\/v2\/types\/post"}],"author":[{"embeddable":true,"href":"https:\/\/zjarr.tv\/en\/wp-json\/wp\/v2\/users\/2030"}],"replies":[{"embeddable":true,"href":"https:\/\/zjarr.tv\/en\/wp-json\/wp\/v2\/comments?post=229317"}],"version-history":[{"count":0,"href":"https:\/\/zjarr.tv\/en\/wp-json\/wp\/v2\/posts\/229317\/revisions"}],"wp:featuredmedia":[{"embeddable":true,"href":"https:\/\/zjarr.tv\/en\/wp-json\/wp\/v2\/media\/229318"}],"wp:attachment":[{"href":"https:\/\/zjarr.tv\/en\/wp-json\/wp\/v2\/media?parent=229317"}],"wp:term":[{"taxonomy":"category","embeddable":true,"href":"https:\/\/zjarr.tv\/en\/wp-json\/wp\/v2\/categories?post=229317"},{"taxonomy":"post_tag","embeddable":true,"href":"https:\/\/zjarr.tv\/en\/wp-json\/wp\/v2\/tags?post=229317"}],"curies":[{"name":"wp","href":"https:\/\/api.w.org\/{rel}","templated":true}]}}