{"id":229344,"date":"2022-01-08T16:10:16","date_gmt":"2022-01-08T15:10:16","guid":{"rendered":"https:\/\/zjarr.tv\/?p=229344"},"modified":"2022-01-08T16:10:16","modified_gmt":"2022-01-08T15:10:16","slug":"perplasja-per-seline-patozi-edhe-fiset-e-xhunglave-afrikane-do-te-turperoheshin-nga-skenat-e-sotme","status":"publish","type":"post","link":"https:\/\/zjarr.tv\/en\/perplasja-per-seline-patozi-edhe-fiset-e-xhunglave-afrikane-do-te-turperoheshin-nga-skenat-e-sotme\/","title":{"rendered":"P\u00ebrplasja p\u00ebr selin\u00eb, Patozi: Edhe fiset e xhunglave afrikane do t\u00eb turp\u00ebroheshin nga skenat e sotme"},"content":{"rendered":"<p>Ish-deputeti i Partis\u00eb Demokratike, Astrit Patozi ka reaguar pas protest\u00ebs s\u00eb dhunshme t\u00eb organizuar nga Sali Berisha p\u00ebr t\u00eb hyr\u00eb brenda selis\u00eb blu.<\/p>\n<p>Patozi thot\u00eb se demokrat\u00ebt q\u00eb nuk bashk\u00ebjetuan dot n\u00ebn t\u00eb nj\u00ebjt\u00ebn \u00e7ati, t\u00eb pakt\u00ebn duhet t\u00eb ruanin fytyr\u00ebn e opozit\u00ebs. \u201cSkenat e sotme, turp\u00ebrojn\u00eb edhe fiset e xhunglave afrikane\u201d shkruan Patozi n\u00eb Facebook.<\/p>\n<p>Reagimi i plot\u00eb:<\/p>\n<p>TA G\u00cbZOJN\u00cb \u201cFITOREN\u201d, SE E KAN\u00cb MERITUAR PLOT\u00cbSISHT<\/p>\n<p>Edhe pse nuk e meritojn\u00eb, u kam sugjeruar zgjidhjen m\u00eb t\u00eb arsyeshme politike, q\u00eb kur krisi pushka e par\u00eb n\u00eb oborrin e SHQUP-it, diku nga fillimi i shtatorit, pasi Sali Berisha u pezullua nga grupi parlamentar i PD.<\/p>\n<p>T\u00eb pakt\u00ebn t\u00eb ruanin at\u00eb, q\u00eb kishte mbetur nga Partia Demokratike, por mbi t\u00eb gjitha fytyr\u00ebn e opozit\u00ebs. Duke u ndar\u00eb paq\u00ebsisht, n\u00eb pamund\u00ebsi p\u00ebr t\u00eb bashk\u00ebjetuar n\u00ebn t\u00eb nj\u00ebjt\u00ebn \u00e7ati dhe, mbi t\u00eb gjitha, pasi u ishin shmangur me vullnet t\u00eb qart\u00eb p\u00ebrgjegj\u00ebsis\u00eb p\u00ebr t\u2019u ndeshur n\u00eb m\u00ebnyr\u00eb t\u00eb qytet\u00ebruar n\u00eb nj\u00eb gar\u00eb normale demokratike, e cila do t\u00eb verifikonte dhe \u00e7ertifikonte shumic\u00ebn.<\/p>\n<p>P\u00ebrfundimi jan\u00eb skenat e sotme, q\u00eb do t\u00eb turp\u00ebronin edhe fiset e xhunglave afrikane, q\u00eb ende nuk kan\u00eb dal\u00eb nga rendi primitiv, p\u00ebr shkak t\u00eb izolimit nga bota moderne. Tani le t\u00eb dalin n\u00eb ekrane dhe t\u00eb th\u00ebrrasin sa t\u00eb duan p\u00ebr fitore. Si ata q\u00eb ndjehen t\u00eb lumtur se arrit\u00ebn t\u00eb mbajn\u00eb \u00e7el\u00ebsat e kasht\u00ebs n\u00eb selin\u00eb e pashenjt\u00eb, q\u00eb kut\u00ebrbon nga era e gazit lotsjell\u00ebs, ashtu edhe ata t\u00eb tjer\u00ebt, q\u00eb po mburren jo aq t\u00eb g\u00ebzuar se kap\u00ebn n\u00eb flagranc\u00eb Lulin duke flirtuar me policin\u00eb e Edi Ram\u00ebs.<\/p>","protected":false},"excerpt":{"rendered":"<p>Ish-deputeti i Partis\u00eb Demokratike, Astrit Patozi ka reaguar pas protest\u00ebs s\u00eb dhunshme t\u00eb organizuar nga Sali Berisha p\u00ebr t\u00eb hyr\u00eb brenda selis\u00eb blu. Patozi thot\u00eb se demokrat\u00ebt q\u00eb nuk bashk\u00ebjetuan dot n\u00ebn t\u00eb nj\u00ebjt\u00ebn \u00e7ati, t\u00eb pakt\u00ebn duhet t\u00eb ruanin fytyr\u00ebn e opozit\u00ebs. \u201cSkenat e sotme, turp\u00ebrojn\u00eb edhe fiset e xhunglave afrikane\u201d shkruan Patozi n\u00eb [&hellip;]<\/p>\n","protected":false},"author":2030,"featured_media":164769,"comment_status":"closed","ping_status":"closed","sticky":false,"template":"","format":"standard","meta":{"footnotes":""},"categories":[241,3366,5380,1454],"tags":[],"class_list":{"0":"post-229344","1":"post","2":"type-post","3":"status-publish","4":"format-standard","5":"has-post-thumbnail","7":"category-aktualitet","8":"category-koment","9":"category-kryesore","10":"category-politike"},"_links":{"self":[{"href":"https:\/\/zjarr.tv\/en\/wp-json\/wp\/v2\/posts\/229344","targetHints":{"allow":["GET"]}}],"collection":[{"href":"https:\/\/zjarr.tv\/en\/wp-json\/wp\/v2\/posts"}],"about":[{"href":"https:\/\/zjarr.tv\/en\/wp-json\/wp\/v2\/types\/post"}],"author":[{"embeddable":true,"href":"https:\/\/zjarr.tv\/en\/wp-json\/wp\/v2\/users\/2030"}],"replies":[{"embeddable":true,"href":"https:\/\/zjarr.tv\/en\/wp-json\/wp\/v2\/comments?post=229344"}],"version-history":[{"count":0,"href":"https:\/\/zjarr.tv\/en\/wp-json\/wp\/v2\/posts\/229344\/revisions"}],"wp:featuredmedia":[{"embeddable":true,"href":"https:\/\/zjarr.tv\/en\/wp-json\/wp\/v2\/media\/164769"}],"wp:attachment":[{"href":"https:\/\/zjarr.tv\/en\/wp-json\/wp\/v2\/media?parent=229344"}],"wp:term":[{"taxonomy":"category","embeddable":true,"href":"https:\/\/zjarr.tv\/en\/wp-json\/wp\/v2\/categories?post=229344"},{"taxonomy":"post_tag","embeddable":true,"href":"https:\/\/zjarr.tv\/en\/wp-json\/wp\/v2\/tags?post=229344"}],"curies":[{"name":"wp","href":"https:\/\/api.w.org\/{rel}","templated":true}]}}