{"id":229360,"date":"2022-01-08T18:43:28","date_gmt":"2022-01-08T17:43:28","guid":{"rendered":"https:\/\/zjarr.tv\/?p=229360"},"modified":"2022-01-08T18:43:28","modified_gmt":"2022-01-08T17:43:28","slug":"mustafa-nano-mjaft-na-late-peng-te-nje-psikopati","status":"publish","type":"post","link":"https:\/\/zjarr.tv\/en\/mustafa-nano-mjaft-na-late-peng-te-nje-psikopati\/","title":{"rendered":"Mustafa Nano: \u201cMjaft na lat\u00eb peng t\u00eb nj\u00eb psikopati&#8230;"},"content":{"rendered":"<p>Analisti i njohur Mustafa Nano reagon pas protest\u00ebs t\u00eb organizuar nga simpatizante te ish-kryeministrit Sali Berisha p\u00ebr t\u00eb ndryshuar kryetarin e Partis\u00eb Demokratike.<\/p>\n<p>Nano thot\u00eb se prej 31 vitesh \u201ct\u00eb gjith\u00eb presin t\u00eb ndodh\u00eb di\u00e7ka, dhune,shkat\u00ebrrime, deri edhe vrasje\u201d. Sipas tij, institucionet duhet t\u00eb veprojn\u00eb duke \u00e7uar pas hekurave t\u00eb gjith\u00eb ata q\u00eb ushtrojn\u00eb dhun\u00eb apo frym\u00ebzojn\u00eb keto grumbullime.<\/p>\n<p>\u201cMjaft na lat\u00eb peng t\u00eb nj\u00eb psikopati delinkuent e t\u00eb ca turmave me mend\u00ebsi pyjesh e shpellash\u201d, shkruan Nano.<\/p>","protected":false},"excerpt":{"rendered":"<p>Analisti i njohur Mustafa Nano reagon pas protest\u00ebs t\u00eb organizuar nga simpatizante te ish-kryeministrit Sali Berisha p\u00ebr t\u00eb ndryshuar kryetarin e Partis\u00eb Demokratike. Nano thot\u00eb se prej 31 vitesh \u201ct\u00eb gjith\u00eb presin t\u00eb ndodh\u00eb di\u00e7ka, dhune,shkat\u00ebrrime, deri edhe vrasje\u201d. Sipas tij, institucionet duhet t\u00eb veprojn\u00eb duke \u00e7uar pas hekurave t\u00eb gjith\u00eb ata q\u00eb ushtrojn\u00eb dhun\u00eb [&hellip;]<\/p>\n","protected":false},"author":2031,"featured_media":214490,"comment_status":"closed","ping_status":"closed","sticky":false,"template":"","format":"standard","meta":{"footnotes":""},"categories":[231],"tags":[],"class_list":{"0":"post-229360","1":"post","2":"type-post","3":"status-publish","4":"format-standard","5":"has-post-thumbnail","7":"category-lajme"},"_links":{"self":[{"href":"https:\/\/zjarr.tv\/en\/wp-json\/wp\/v2\/posts\/229360","targetHints":{"allow":["GET"]}}],"collection":[{"href":"https:\/\/zjarr.tv\/en\/wp-json\/wp\/v2\/posts"}],"about":[{"href":"https:\/\/zjarr.tv\/en\/wp-json\/wp\/v2\/types\/post"}],"author":[{"embeddable":true,"href":"https:\/\/zjarr.tv\/en\/wp-json\/wp\/v2\/users\/2031"}],"replies":[{"embeddable":true,"href":"https:\/\/zjarr.tv\/en\/wp-json\/wp\/v2\/comments?post=229360"}],"version-history":[{"count":0,"href":"https:\/\/zjarr.tv\/en\/wp-json\/wp\/v2\/posts\/229360\/revisions"}],"wp:featuredmedia":[{"embeddable":true,"href":"https:\/\/zjarr.tv\/en\/wp-json\/wp\/v2\/media\/214490"}],"wp:attachment":[{"href":"https:\/\/zjarr.tv\/en\/wp-json\/wp\/v2\/media?parent=229360"}],"wp:term":[{"taxonomy":"category","embeddable":true,"href":"https:\/\/zjarr.tv\/en\/wp-json\/wp\/v2\/categories?post=229360"},{"taxonomy":"post_tag","embeddable":true,"href":"https:\/\/zjarr.tv\/en\/wp-json\/wp\/v2\/tags?post=229360"}],"curies":[{"name":"wp","href":"https:\/\/api.w.org\/{rel}","templated":true}]}}