{"id":229363,"date":"2022-01-08T18:53:11","date_gmt":"2022-01-08T17:53:11","guid":{"rendered":"https:\/\/zjarr.tv\/?p=229363"},"modified":"2022-01-08T18:53:11","modified_gmt":"2022-01-08T17:53:11","slug":"berisha-shpalos-planin-do-perdorim-gjithe-fuqine-nje-shqiperi-e-tere-do-ngrihet","status":"publish","type":"post","link":"https:\/\/zjarr.tv\/en\/berisha-shpalos-planin-do-perdorim-gjithe-fuqine-nje-shqiperi-e-tere-do-ngrihet\/","title":{"rendered":"Berisha shpalos planin: Do p\u00ebrdorim gjith\u00eb fuqin\u00eb, nj\u00eb Shqip\u00ebri e t\u00ebr\u00eb do ngrihet"},"content":{"rendered":"<p>Ish-kryeministri Sali Berisha thot\u00eb se Komisioni i Rithemelimit t\u00eb PD-s\u00eb do t\u00eb hartoj\u00eb nj\u00eb plan p\u00ebr protesta n\u00eb mbar\u00eb vendin me q\u00ebllim rr\u00ebzimin e \u201cnarkoshtetit\u201d.<\/p>\n<p>N\u00eb nj\u00eb deklarat\u00eb p\u00ebr media pasi d\u00ebshtoi t\u00eb merrte me forc\u00eb selin\u00eb blu, Berisha tha se protesta e thirrur prej tij \u201cishte t\u00ebr\u00ebsisht paq\u00ebsore\u201d. Ai akuzoi Lulzim Bash\u00ebn p\u00ebr dhun\u00ebn e ushtruar ndaj mb\u00ebshtet\u00ebsve t\u00eb tij.<\/p>\n<p>\u201cJu garantoj se Shqip\u00ebria e t\u00ebr\u00eb, me nj\u00eb program t\u00eb caktuar do t\u00eb jet\u00eb n\u00eb protest\u00eb, protest\u00eb dhe vet\u00ebm protest\u00eb\u201d, tha nd\u00ebr t\u00eb tjera Berisha.<\/p>\n<p>Pjes\u00eb nga deklarata e Berish\u00ebs:<\/p>\n<p>E v\u00ebrteta \u00ebsht\u00eb se protesta ishte t\u00ebr\u00ebsisht paq\u00ebsore. Kjo protest\u00eb kishte detyr\u00eb t\u00eb hapte duart e blinduara dhe t\u00eb mbyllra nga Edi Rama me pengun e tij Lulzim Basha. Protesta dyert i hapi, nderim t\u00eb madh! Nderim t\u00eb madh t\u00eb gjith\u00eb atyre protestuesve t\u00eb cil\u00ebt me guxim dhe vendosm\u00ebri e gjakftoht\u00ebsi \u00e7an\u00eb blindet e Edi Ram\u00ebs dhe peng Bash\u00ebs, pa g\u00ebrvishtur qoft\u00eb edhe nj\u00eb person t\u00eb vet\u00ebm. Por natyrisht sasit\u00eb e m\u00ebdha t\u00eb gazit q\u00eb u p\u00ebrdor\u00ebn, t\u00eb cilat tejkalonin \u00e7do lloj limiti.<\/p>\n<p>Shum\u00eb prej jush pyesin kur do t\u00eb rikthehemi? Komisioni i Rithemelimit do t\u2019u njoftoj\u00eb. De fakto sot Lulzim Basha z\u00ebvend\u00ebsoi \u00c7u\u00e7in e familjes, u b\u00eb si t\u00eb thuash ministri i Brendsh\u00ebm i Edi Ram\u00ebs, me q\u00ebndrimin ndaj demokrat\u00ebve. Ne i q\u00ebndrojm\u00eb plot\u00ebsisht dhe me vendosm\u00ebri karakterit paq\u00ebsor t\u00eb protest\u00ebs son\u00eb&#8230;<\/p>","protected":false},"excerpt":{"rendered":"<p>Ish-kryeministri Sali Berisha thot\u00eb se Komisioni i Rithemelimit t\u00eb PD-s\u00eb do t\u00eb hartoj\u00eb nj\u00eb plan p\u00ebr protesta n\u00eb mbar\u00eb vendin me q\u00ebllim rr\u00ebzimin e \u201cnarkoshtetit\u201d. N\u00eb nj\u00eb deklarat\u00eb p\u00ebr media pasi d\u00ebshtoi t\u00eb merrte me forc\u00eb selin\u00eb blu, Berisha tha se protesta e thirrur prej tij \u201cishte t\u00ebr\u00ebsisht paq\u00ebsore\u201d. Ai akuzoi Lulzim Bash\u00ebn p\u00ebr dhun\u00ebn [&hellip;]<\/p>\n","protected":false},"author":2031,"featured_media":183670,"comment_status":"closed","ping_status":"closed","sticky":false,"template":"","format":"standard","meta":{"footnotes":""},"categories":[241,231,235],"tags":[],"class_list":{"0":"post-229363","1":"post","2":"type-post","3":"status-publish","4":"format-standard","5":"has-post-thumbnail","7":"category-aktualitet","8":"category-lajme","9":"category-vendi"},"_links":{"self":[{"href":"https:\/\/zjarr.tv\/en\/wp-json\/wp\/v2\/posts\/229363","targetHints":{"allow":["GET"]}}],"collection":[{"href":"https:\/\/zjarr.tv\/en\/wp-json\/wp\/v2\/posts"}],"about":[{"href":"https:\/\/zjarr.tv\/en\/wp-json\/wp\/v2\/types\/post"}],"author":[{"embeddable":true,"href":"https:\/\/zjarr.tv\/en\/wp-json\/wp\/v2\/users\/2031"}],"replies":[{"embeddable":true,"href":"https:\/\/zjarr.tv\/en\/wp-json\/wp\/v2\/comments?post=229363"}],"version-history":[{"count":0,"href":"https:\/\/zjarr.tv\/en\/wp-json\/wp\/v2\/posts\/229363\/revisions"}],"wp:featuredmedia":[{"embeddable":true,"href":"https:\/\/zjarr.tv\/en\/wp-json\/wp\/v2\/media\/183670"}],"wp:attachment":[{"href":"https:\/\/zjarr.tv\/en\/wp-json\/wp\/v2\/media?parent=229363"}],"wp:term":[{"taxonomy":"category","embeddable":true,"href":"https:\/\/zjarr.tv\/en\/wp-json\/wp\/v2\/categories?post=229363"},{"taxonomy":"post_tag","embeddable":true,"href":"https:\/\/zjarr.tv\/en\/wp-json\/wp\/v2\/tags?post=229363"}],"curies":[{"name":"wp","href":"https:\/\/api.w.org\/{rel}","templated":true}]}}