{"id":229369,"date":"2022-01-08T19:15:28","date_gmt":"2022-01-08T18:15:28","guid":{"rendered":"https:\/\/zjarr.tv\/?p=229369"},"modified":"2022-01-08T19:24:27","modified_gmt":"2022-01-08T18:24:27","slug":"situata-ne-pd-rama-kur-shoh-keto-dy-kufoma-politike-qe-fajesojne-njera-tjetren-se-kush-eshte-sherbetori-im-me-vjen-tu-leshoj-demokrateve-nje-kushtrim","status":"publish","type":"post","link":"https:\/\/zjarr.tv\/en\/situata-ne-pd-rama-kur-shoh-keto-dy-kufoma-politike-qe-fajesojne-njera-tjetren-se-kush-eshte-sherbetori-im-me-vjen-tu-leshoj-demokrateve-nje-kushtrim\/","title":{"rendered":"Situata n\u00eb PD, Rama: Dy kufoma politike q\u00eb faj\u00ebsojn\u00eb nj\u00ebra-tjetr\u00ebn se kush \u00ebsht\u00eb sh\u00ebrb\u00ebtori im&#8230;"},"content":{"rendered":"<p>Lulzim Basha dhe Sali Berisha n\u00eb \u00e7do deklarat\u00eb t\u00eb tyre kan\u00eb akuzuar nj\u00ebri-tjetrin se jan\u00eb sh\u00ebrb\u00ebtor\u00eb t\u00eb kryeministrit Edi Rama, nd\u00ebrkoh\u00eb q\u00eb t\u00eb nj\u00ebjt\u00ebn gj\u00eb b\u00ebn\u00eb edhe pak minuta m\u00eb par\u00eb n\u00eb konferencat p\u00ebr mediat pas protest\u00ebs s\u00eb dhunshme n\u00eb selin\u00eb e PD.<\/p>\n<p>Ndaj k\u00ebtyre deklaratave ka reaguar edhe vet\u00eb kryeministri Rama, i cili n\u00eb nj\u00eb postim n\u00eb rrjetet sociale ironizon ata t\u00eb dy dhe u b\u00ebn thirrje demokrat\u00ebve q\u00eb t\u00eb bashkohen si qytetar\u00eb dhe shqiptar\u00eb q\u00eb t\u2019i japin \u00e7\u2019t\u00eb munden Shqip\u00ebris\u00eb.<\/p>\n<p>\u201cKur shoh k\u00ebto dy kufoma politike q\u00eb luajn\u00eb k\u00ebshtjellash n\u00eb mes t\u00eb Tiran\u00ebs dhe faj\u00ebsojn\u00eb nj\u00ebra-tjetr\u00ebn se kush \u00ebsht\u00eb sh\u00ebrb\u00ebtori im, m\u00eb vjen t\u2019u l\u00ebshoj demokrat\u00ebve nj\u00eb kushtrim t\u00eb megjith\u00ebzem\u00ebrt:Ejani t\u2019i japim \u00e7\u2019mundemi Shqip\u00ebris\u00eb, t\u00eb bashkuar si shqiptar\u00eb, si qytetar\u00eb, si njer\u00ebz\u201d, shkruan Rama.<\/p>","protected":false},"excerpt":{"rendered":"<p>Lulzim Basha dhe Sali Berisha n\u00eb \u00e7do deklarat\u00eb t\u00eb tyre kan\u00eb akuzuar nj\u00ebri-tjetrin se jan\u00eb sh\u00ebrb\u00ebtor\u00eb t\u00eb kryeministrit Edi Rama, nd\u00ebrkoh\u00eb q\u00eb t\u00eb nj\u00ebjt\u00ebn gj\u00eb b\u00ebn\u00eb edhe pak minuta m\u00eb par\u00eb n\u00eb konferencat p\u00ebr mediat pas protest\u00ebs s\u00eb dhunshme n\u00eb selin\u00eb e PD. Ndaj k\u00ebtyre deklaratave ka reaguar edhe vet\u00eb kryeministri Rama, i cili n\u00eb [&hellip;]<\/p>\n","protected":false},"author":2031,"featured_media":211639,"comment_status":"closed","ping_status":"closed","sticky":false,"template":"","format":"standard","meta":{"footnotes":""},"categories":[241,231,235],"tags":[],"class_list":{"0":"post-229369","1":"post","2":"type-post","3":"status-publish","4":"format-standard","5":"has-post-thumbnail","7":"category-aktualitet","8":"category-lajme","9":"category-vendi"},"_links":{"self":[{"href":"https:\/\/zjarr.tv\/en\/wp-json\/wp\/v2\/posts\/229369","targetHints":{"allow":["GET"]}}],"collection":[{"href":"https:\/\/zjarr.tv\/en\/wp-json\/wp\/v2\/posts"}],"about":[{"href":"https:\/\/zjarr.tv\/en\/wp-json\/wp\/v2\/types\/post"}],"author":[{"embeddable":true,"href":"https:\/\/zjarr.tv\/en\/wp-json\/wp\/v2\/users\/2031"}],"replies":[{"embeddable":true,"href":"https:\/\/zjarr.tv\/en\/wp-json\/wp\/v2\/comments?post=229369"}],"version-history":[{"count":0,"href":"https:\/\/zjarr.tv\/en\/wp-json\/wp\/v2\/posts\/229369\/revisions"}],"wp:featuredmedia":[{"embeddable":true,"href":"https:\/\/zjarr.tv\/en\/wp-json\/wp\/v2\/media\/211639"}],"wp:attachment":[{"href":"https:\/\/zjarr.tv\/en\/wp-json\/wp\/v2\/media?parent=229369"}],"wp:term":[{"taxonomy":"category","embeddable":true,"href":"https:\/\/zjarr.tv\/en\/wp-json\/wp\/v2\/categories?post=229369"},{"taxonomy":"post_tag","embeddable":true,"href":"https:\/\/zjarr.tv\/en\/wp-json\/wp\/v2\/tags?post=229369"}],"curies":[{"name":"wp","href":"https:\/\/api.w.org\/{rel}","templated":true}]}}