{"id":229373,"date":"2022-01-08T19:18:18","date_gmt":"2022-01-08T18:18:18","guid":{"rendered":"https:\/\/zjarr.tv\/?p=229373"},"modified":"2022-01-08T19:18:18","modified_gmt":"2022-01-08T18:18:18","slug":"lulzim-basha-bashke-e-kemi-privatisht-fotoreporteri-demtohet-rende-nga-gazi-lotsjelles","status":"publish","type":"post","link":"https:\/\/zjarr.tv\/en\/lulzim-basha-bashke-e-kemi-privatisht-fotoreporteri-demtohet-rende-nga-gazi-lotsjelles\/","title":{"rendered":"\u201cLulzim Basha bashk\u00eb e kemi privatisht\u201d Fotoreporteri d\u00ebmtohet r\u00ebnd\u00eb nga gazi lotsjell\u00ebs"},"content":{"rendered":"<p>Fotoreporteri i njohur Feliks Bilani \u00ebsht\u00eb nj\u00eb nd\u00ebr gazetar\u00ebt q\u00eb \u00ebsht\u00eb ndjer\u00eb shum\u00eb keq nga hedhja e gazit lotsjell\u00ebs n\u00eb selin\u00eb e PD-s\u00eb paraditen e sotme.<\/p>\n<p>\u00cbsht\u00eb dashur nj\u00eb ambulanc\u00eb dhe nd\u00ebrhyrja e mjek\u00ebve q\u00eb Feliks Bilani p\u00ebr t\u00eb p\u00ebrmir\u00ebsuar gj\u00ebndjen sh\u00ebndet\u00ebsore t\u00eb tij.<\/p>\n<p>N\u00eb nj\u00eb video live t\u00eb publikuar n\u00eb face book Bilani falenderon mjek\u00ebt q\u00eb I shp\u00ebtuan jet\u00ebn dhe shton: Lulzim Basha bashk\u00eb e kemi privatisht\u201d<\/p>","protected":false},"excerpt":{"rendered":"<p>Fotoreporteri i njohur Feliks Bilani \u00ebsht\u00eb nj\u00eb nd\u00ebr gazetar\u00ebt q\u00eb \u00ebsht\u00eb ndjer\u00eb shum\u00eb keq nga hedhja e gazit lotsjell\u00ebs n\u00eb selin\u00eb e PD-s\u00eb paraditen e sotme. \u00cbsht\u00eb dashur nj\u00eb ambulanc\u00eb dhe nd\u00ebrhyrja e mjek\u00ebve q\u00eb Feliks Bilani p\u00ebr t\u00eb p\u00ebrmir\u00ebsuar gj\u00ebndjen sh\u00ebndet\u00ebsore t\u00eb tij. N\u00eb nj\u00eb video live t\u00eb publikuar n\u00eb face book Bilani falenderon [&hellip;]<\/p>\n","protected":false},"author":2031,"featured_media":229374,"comment_status":"closed","ping_status":"closed","sticky":false,"template":"","format":"standard","meta":{"footnotes":""},"categories":[231],"tags":[],"class_list":{"0":"post-229373","1":"post","2":"type-post","3":"status-publish","4":"format-standard","5":"has-post-thumbnail","7":"category-lajme"},"_links":{"self":[{"href":"https:\/\/zjarr.tv\/en\/wp-json\/wp\/v2\/posts\/229373","targetHints":{"allow":["GET"]}}],"collection":[{"href":"https:\/\/zjarr.tv\/en\/wp-json\/wp\/v2\/posts"}],"about":[{"href":"https:\/\/zjarr.tv\/en\/wp-json\/wp\/v2\/types\/post"}],"author":[{"embeddable":true,"href":"https:\/\/zjarr.tv\/en\/wp-json\/wp\/v2\/users\/2031"}],"replies":[{"embeddable":true,"href":"https:\/\/zjarr.tv\/en\/wp-json\/wp\/v2\/comments?post=229373"}],"version-history":[{"count":0,"href":"https:\/\/zjarr.tv\/en\/wp-json\/wp\/v2\/posts\/229373\/revisions"}],"wp:featuredmedia":[{"embeddable":true,"href":"https:\/\/zjarr.tv\/en\/wp-json\/wp\/v2\/media\/229374"}],"wp:attachment":[{"href":"https:\/\/zjarr.tv\/en\/wp-json\/wp\/v2\/media?parent=229373"}],"wp:term":[{"taxonomy":"category","embeddable":true,"href":"https:\/\/zjarr.tv\/en\/wp-json\/wp\/v2\/categories?post=229373"},{"taxonomy":"post_tag","embeddable":true,"href":"https:\/\/zjarr.tv\/en\/wp-json\/wp\/v2\/tags?post=229373"}],"curies":[{"name":"wp","href":"https:\/\/api.w.org\/{rel}","templated":true}]}}