{"id":229380,"date":"2022-01-09T08:45:19","date_gmt":"2022-01-09T07:45:19","guid":{"rendered":"https:\/\/zjarr.tv\/?p=229380"},"modified":"2022-01-09T08:45:19","modified_gmt":"2022-01-09T07:45:19","slug":"shperthen-alizoti-pd-sot-vdiq-lulzim-basha-nuk-eshte-kryetar-se-kuptoj-cfare-ben-me-ne-seli","status":"publish","type":"post","link":"https:\/\/zjarr.tv\/en\/shperthen-alizoti-pd-sot-vdiq-lulzim-basha-nuk-eshte-kryetar-se-kuptoj-cfare-ben-me-ne-seli\/","title":{"rendered":"Shp\u00ebrthen Alizoti: PD sot vdiq! Lulzim Basha nuk \u00ebsht\u00eb kryetar, se kuptoj \u00e7far\u00eb b\u00ebn m\u00eb n\u00eb seli"},"content":{"rendered":"<p>Deputeti i PD-s\u00eb, Tomor Alizoti, q\u00eb diten e djeshme nuk ishte as jasht\u00eb me Sali Berish\u00ebn dhe as brenda selis\u00eb me Lulzim Bash\u00ebn, shprehu trishtim dhe keqardhje t\u00eb madhe p\u00ebr situat\u00ebn ku ndodhet partia m\u00eb e madhe n\u00eb opozit\u00eb.<\/p>\n<p>\u201cPD sot \u00ebsht\u00eb n\u00eb nj\u00eb kriz\u00eb morale. Cdo demokrat q\u00eb e ka par\u00eb at\u00eb sken\u00eb sot, \u00ebsht\u00eb q\u00eb pas 30 vitesh shikoj policin\u00eb n\u00eb PD. Partia jon\u00eb ka th\u00ebn\u00eb se kjo \u00ebsht\u00eb policia e krimit. P\u00ebr mua prezenca e policis\u00eb n\u00eb nj\u00eb parti t\u00eb djatht\u00eb, do t\u00eb thot\u00eb se partia ka \u201cvdekur politikisht\u201d. P\u00ebr cfar\u00eb i duhet kryetarit aktual vula dhe godina?<\/p>\n<p>P\u00ebr cfar\u00eb duhet beteja m\u00eb? Nuk mund t\u00eb p\u00ebrdorej gaz ndaj vart\u00ebsve t\u00eb vet. Kjo parti nuk ka prodhuar asnj\u00eb mendim dhe koncept dhe zot\u00ebria q\u00eb \u00ebsht\u00eb aktual n\u00eb PD nuk ka fituar asnj\u00eb gar\u00eb. Ku ka t\u00eb ardhme PD-ja me k\u00ebto figura. PD sot \u00ebsht\u00eb n\u00eb trishtimin m\u00eb t\u00eb madh. Opinioni q\u00eb sot pa k\u00ebto pamje \u00ebsht\u00eb shokur.<\/p>\n<p>Roja i selis\u00eb iku q\u00eb t\u00eb mos p\u00ebrfshihej n\u00eb k\u00ebt\u00eb turp. PD ka nevoj\u00eb p\u00ebr dinjitet dhe alternativ\u00eb. Berisha q\u00eb kam dashur dhe dua duhet t\u00eb kontribuoj\u00eb p\u00ebr demokratizimin. Bash\u00ebn nuk e kuptoj \u00e7far\u00eb vazhdon dhe b\u00ebn m\u00eb aty.<\/p>\n<p>Berisha dhe Basha jan\u00eb pjes\u00eb e problemit, duhet t\u00eb zgjidhin kriz\u00ebn urgjentisht. Ky akt e fundosi Bash\u00ebn sot p\u00ebrfundimisht n\u00eb syt\u00eb e mi\u201d tha ai diten e djeshme ne Abc.<\/p>","protected":false},"excerpt":{"rendered":"<p>Deputeti i PD-s\u00eb, Tomor Alizoti, q\u00eb diten e djeshme nuk ishte as jasht\u00eb me Sali Berish\u00ebn dhe as brenda selis\u00eb me Lulzim Bash\u00ebn, shprehu trishtim dhe keqardhje t\u00eb madhe p\u00ebr situat\u00ebn ku ndodhet partia m\u00eb e madhe n\u00eb opozit\u00eb. \u201cPD sot \u00ebsht\u00eb n\u00eb nj\u00eb kriz\u00eb morale. Cdo demokrat q\u00eb e ka par\u00eb at\u00eb sken\u00eb sot, [&hellip;]<\/p>\n","protected":false},"author":2031,"featured_media":229381,"comment_status":"closed","ping_status":"closed","sticky":false,"template":"","format":"standard","meta":{"footnotes":""},"categories":[364,231],"tags":[],"class_list":{"0":"post-229380","1":"post","2":"type-post","3":"status-publish","4":"format-standard","5":"has-post-thumbnail","7":"category-koment-opinion","8":"category-lajme"},"_links":{"self":[{"href":"https:\/\/zjarr.tv\/en\/wp-json\/wp\/v2\/posts\/229380","targetHints":{"allow":["GET"]}}],"collection":[{"href":"https:\/\/zjarr.tv\/en\/wp-json\/wp\/v2\/posts"}],"about":[{"href":"https:\/\/zjarr.tv\/en\/wp-json\/wp\/v2\/types\/post"}],"author":[{"embeddable":true,"href":"https:\/\/zjarr.tv\/en\/wp-json\/wp\/v2\/users\/2031"}],"replies":[{"embeddable":true,"href":"https:\/\/zjarr.tv\/en\/wp-json\/wp\/v2\/comments?post=229380"}],"version-history":[{"count":0,"href":"https:\/\/zjarr.tv\/en\/wp-json\/wp\/v2\/posts\/229380\/revisions"}],"wp:featuredmedia":[{"embeddable":true,"href":"https:\/\/zjarr.tv\/en\/wp-json\/wp\/v2\/media\/229381"}],"wp:attachment":[{"href":"https:\/\/zjarr.tv\/en\/wp-json\/wp\/v2\/media?parent=229380"}],"wp:term":[{"taxonomy":"category","embeddable":true,"href":"https:\/\/zjarr.tv\/en\/wp-json\/wp\/v2\/categories?post=229380"},{"taxonomy":"post_tag","embeddable":true,"href":"https:\/\/zjarr.tv\/en\/wp-json\/wp\/v2\/tags?post=229380"}],"curies":[{"name":"wp","href":"https:\/\/api.w.org\/{rel}","templated":true}]}}