{"id":229385,"date":"2022-01-09T08:47:28","date_gmt":"2022-01-09T07:47:28","guid":{"rendered":"https:\/\/zjarr.tv\/?p=229385"},"modified":"2022-01-09T08:52:58","modified_gmt":"2022-01-09T07:52:58","slug":"trazirat-ne-pd-rama-paralajmeron-komunikim-live-bashkebisedim-me-demokratet","status":"publish","type":"post","link":"https:\/\/zjarr.tv\/en\/trazirat-ne-pd-rama-paralajmeron-komunikim-live-bashkebisedim-me-demokratet\/","title":{"rendered":"Trazirat n\u00eb PD, Rama paralajm\u00ebron komunikim live: Bashk\u00ebbisedim me demokrat\u00ebt!"},"content":{"rendered":"<p>Teksa situata vijon e tensionuar mes demokrat\u00ebve, kryeministri Edi Rama njofton se do t\u00eb zhvilloj\u00eb sot nj\u00eb komunikim live n\u00eb faqen e tij t\u00eb \u201cFacebook\u201d.<\/p>\n<p>N\u00eb nj\u00eb postim n\u00eb rrjet, teksa ju uron qytetar\u00ebve \u201cmir\u00ebm\u00ebngjes\u201d, Rama njofton se do t\u00eb zhvilloj\u00eb bashk\u00ebbisedim me demokrat\u00ebt, n\u00eb or\u00ebn 12:00.<\/p>\n<p>Mesa duket kryeministri do t\u00eb jap\u00eb komentet e tij lidhur me zhvillimet e fundit n\u00eb PD.<\/p>\n<p>Kujtojm\u00eb se akuzat ndaj tij nuk jan\u00eb ndalur si nga kryedemokrati Basha ashtu dhe nga ish-kryeministri Berisha. Basha e akuzon si bashk\u00ebpun\u00ebtor p\u00ebr t\u00eb p\u00ebrshkall\u00ebzuar planet e dhunshme t\u00eb Berish\u00ebs, nd\u00ebrsa ish-kryeministri e quan pengmarr\u00ebs t\u00eb kreut t\u00eb PD-s\u00eb.<\/p>","protected":false},"excerpt":{"rendered":"<p>Teksa situata vijon e tensionuar mes demokrat\u00ebve, kryeministri Edi Rama njofton se do t\u00eb zhvilloj\u00eb sot nj\u00eb komunikim live n\u00eb faqen e tij t\u00eb \u201cFacebook\u201d. N\u00eb nj\u00eb postim n\u00eb rrjet, teksa ju uron qytetar\u00ebve \u201cmir\u00ebm\u00ebngjes\u201d, Rama njofton se do t\u00eb zhvilloj\u00eb bashk\u00ebbisedim me demokrat\u00ebt, n\u00eb or\u00ebn 12:00. Mesa duket kryeministri do t\u00eb jap\u00eb komentet e [&hellip;]<\/p>\n","protected":false},"author":2031,"featured_media":229391,"comment_status":"closed","ping_status":"closed","sticky":false,"template":"","format":"standard","meta":{"footnotes":""},"categories":[241,231,235],"tags":[],"class_list":{"0":"post-229385","1":"post","2":"type-post","3":"status-publish","4":"format-standard","5":"has-post-thumbnail","7":"category-aktualitet","8":"category-lajme","9":"category-vendi"},"_links":{"self":[{"href":"https:\/\/zjarr.tv\/en\/wp-json\/wp\/v2\/posts\/229385","targetHints":{"allow":["GET"]}}],"collection":[{"href":"https:\/\/zjarr.tv\/en\/wp-json\/wp\/v2\/posts"}],"about":[{"href":"https:\/\/zjarr.tv\/en\/wp-json\/wp\/v2\/types\/post"}],"author":[{"embeddable":true,"href":"https:\/\/zjarr.tv\/en\/wp-json\/wp\/v2\/users\/2031"}],"replies":[{"embeddable":true,"href":"https:\/\/zjarr.tv\/en\/wp-json\/wp\/v2\/comments?post=229385"}],"version-history":[{"count":0,"href":"https:\/\/zjarr.tv\/en\/wp-json\/wp\/v2\/posts\/229385\/revisions"}],"wp:featuredmedia":[{"embeddable":true,"href":"https:\/\/zjarr.tv\/en\/wp-json\/wp\/v2\/media\/229391"}],"wp:attachment":[{"href":"https:\/\/zjarr.tv\/en\/wp-json\/wp\/v2\/media?parent=229385"}],"wp:term":[{"taxonomy":"category","embeddable":true,"href":"https:\/\/zjarr.tv\/en\/wp-json\/wp\/v2\/categories?post=229385"},{"taxonomy":"post_tag","embeddable":true,"href":"https:\/\/zjarr.tv\/en\/wp-json\/wp\/v2\/tags?post=229385"}],"curies":[{"name":"wp","href":"https:\/\/api.w.org\/{rel}","templated":true}]}}