{"id":229400,"date":"2022-01-09T10:22:23","date_gmt":"2022-01-09T09:22:23","guid":{"rendered":"https:\/\/zjarr.tv\/?p=229400"},"modified":"2022-01-09T10:22:23","modified_gmt":"2022-01-09T09:22:23","slug":"palaco-manjani-shperthen-ndaj-bashes-ta-provoje-te-dale-e-te-lype-vota-por-me-pare-te-gjeje-vrimen-e-mizes","status":"publish","type":"post","link":"https:\/\/zjarr.tv\/en\/palaco-manjani-shperthen-ndaj-bashes-ta-provoje-te-dale-e-te-lype-vota-por-me-pare-te-gjeje-vrimen-e-mizes\/","title":{"rendered":"\u2018Pala\u00e7o\u2019, Manjani shp\u00ebrthen ndaj Bash\u00ebs: Ta provoj\u00eb t\u00eb dal\u00eb e t\u00eb lyp\u00eb vota, por m\u00eb par\u00eb t\u00eb gjej\u00eb vrim\u00ebn e miz\u00ebs!"},"content":{"rendered":"<p>Politikani dhe juristi Ylli Manjani ka reaguar lidhur me videon e postuar nga Basha me momente t\u00eb protest\u00ebs s\u00eb djeshme ku fliste p\u00ebr shfaqje t\u00eb dhunshme dhe fundin politik t\u00eb t\u00eb ish-kryeministrit Berisha.<\/p>\n<p>Manjani thot\u00eb se fundi politik i Berish\u00ebs nuk \u00ebsht\u00eb \u00e7udi pasi sot \u00ebsht\u00eb 77 vje\u00e7, por vet\u00eb Basha \u00e7far\u00eb pret, t\u00eb rrij\u00eb n\u00eb politik\u00eb me mercenar\u00eb apo do ta mbaj\u00eb Rama me vota dhe para gjith\u00eb jet\u00ebn.<\/p>\n<p>Manjani: Berisha 77 vje\u00e7 mund t\u00eb jet\u00eb af\u00ebr fundit t\u00eb tij politik dhe s\u2019\u00ebsht\u00eb ndonj\u00eb \u00e7udi e panatyrshme. Por sigurisht jo p\u00ebr arsyet q\u00eb thot\u00eb ky banditi i karamelizuar.<\/p>\n<p>Ama nj\u00eb gj\u00eb \u00ebsht\u00eb e qart\u00eb kristal, se me k\u00ebt pala\u00e7o bandit dhe me PD fallco t\u00eb tij, jo shpres\u00eb q\u00eb ska, por as bythen se fshin njeri me flet\u00ebt e votimit ku mund t\u2019i shfaqet surrati.<\/p>\n<p>Ta provoj\u00eb t\u00eb dal\u00eb e t\u00eb lyp\u00eb vota, por m\u00eb par\u00eb t\u00eb gjej\u00eb vrim\u00ebn e miz\u00ebs!<\/p>\n<p>Ptu!<\/p>\n<p>Palaco!<\/p>\n<p>\u00c7a kujton ky hajvan se do rrij\u00eb n\u00eb politik\u00eb me mercenar\u00eb?!<\/p>\n<p>Apo do e mbaj\u00eb Ed Rama me vota e pare gjith jet\u00ebn?!<\/p>\n<p>Bah \u00e7far\u00eb neverie!<\/p>","protected":false},"excerpt":{"rendered":"<p>Politikani dhe juristi Ylli Manjani ka reaguar lidhur me videon e postuar nga Basha me momente t\u00eb protest\u00ebs s\u00eb djeshme ku fliste p\u00ebr shfaqje t\u00eb dhunshme dhe fundin politik t\u00eb t\u00eb ish-kryeministrit Berisha. Manjani thot\u00eb se fundi politik i Berish\u00ebs nuk \u00ebsht\u00eb \u00e7udi pasi sot \u00ebsht\u00eb 77 vje\u00e7, por vet\u00eb Basha \u00e7far\u00eb pret, t\u00eb rrij\u00eb [&hellip;]<\/p>\n","protected":false},"author":2031,"featured_media":175942,"comment_status":"closed","ping_status":"closed","sticky":false,"template":"","format":"standard","meta":{"footnotes":""},"categories":[231],"tags":[],"class_list":{"0":"post-229400","1":"post","2":"type-post","3":"status-publish","4":"format-standard","5":"has-post-thumbnail","7":"category-lajme"},"_links":{"self":[{"href":"https:\/\/zjarr.tv\/en\/wp-json\/wp\/v2\/posts\/229400","targetHints":{"allow":["GET"]}}],"collection":[{"href":"https:\/\/zjarr.tv\/en\/wp-json\/wp\/v2\/posts"}],"about":[{"href":"https:\/\/zjarr.tv\/en\/wp-json\/wp\/v2\/types\/post"}],"author":[{"embeddable":true,"href":"https:\/\/zjarr.tv\/en\/wp-json\/wp\/v2\/users\/2031"}],"replies":[{"embeddable":true,"href":"https:\/\/zjarr.tv\/en\/wp-json\/wp\/v2\/comments?post=229400"}],"version-history":[{"count":0,"href":"https:\/\/zjarr.tv\/en\/wp-json\/wp\/v2\/posts\/229400\/revisions"}],"wp:featuredmedia":[{"embeddable":true,"href":"https:\/\/zjarr.tv\/en\/wp-json\/wp\/v2\/media\/175942"}],"wp:attachment":[{"href":"https:\/\/zjarr.tv\/en\/wp-json\/wp\/v2\/media?parent=229400"}],"wp:term":[{"taxonomy":"category","embeddable":true,"href":"https:\/\/zjarr.tv\/en\/wp-json\/wp\/v2\/categories?post=229400"},{"taxonomy":"post_tag","embeddable":true,"href":"https:\/\/zjarr.tv\/en\/wp-json\/wp\/v2\/tags?post=229400"}],"curies":[{"name":"wp","href":"https:\/\/api.w.org\/{rel}","templated":true}]}}