{"id":229403,"date":"2022-01-09T11:52:47","date_gmt":"2022-01-09T10:52:47","guid":{"rendered":"https:\/\/zjarr.tv\/?p=229403"},"modified":"2022-01-09T11:52:47","modified_gmt":"2022-01-09T10:52:47","slug":"distancohem-nga-guret-qe-u-hodhen-nga-brenda-selise-jashte-acka-koha-e-berishes-ka-mbaruar-dje-humben-te-dyja-palet","status":"publish","type":"post","link":"https:\/\/zjarr.tv\/en\/distancohem-nga-guret-qe-u-hodhen-nga-brenda-selise-jashte-acka-koha-e-berishes-ka-mbaruar-dje-humben-te-dyja-palet\/","title":{"rendered":"\u201cDistancohem nga gur\u00ebt q\u00eb u hodh\u00ebn nga brenda selis\u00eb jasht\u00eb\u201d, A\u00e7ka: Koha e Berish\u00ebs ka mbaruar, dje humb\u00ebn t\u00eb dyja pal\u00ebt"},"content":{"rendered":"<p>Deputetja Flutura A\u00e7ka ka folur n\u00eb nj\u00eb intervist\u00eb n\u00eb lidhje me protest\u00ebn e zhvilluar dit\u00ebn e djeshme n\u00eb selin\u00eb e PD.<\/p>\n<p>A\u00e7ka u shpreh se kjo ishte nj\u00eb humbje p\u00ebr t\u00eb dyja pal\u00ebt e PD, madje dhe p\u00ebr t\u00eb gjith\u00eb shqiptar\u00ebt. Ajo tha se hedhja e gur\u00ebve nga jasht\u00eb brenda n\u00eb seli, dhe sidomos nga brenda jasht\u00eb ishte e gabuar dhe se distancohet nga ky akt. Deputetja nd\u00ebr t\u00eb tjera tha se koha e Berish\u00ebs ka mbaruar.<\/p>\n<p>\u201cUn\u00eb mendoj se kan\u00eb humbur t\u00eb dyja pal\u00ebt ishte nj\u00eb dit\u00eb e trisht\u00eb. Pavar\u00ebsisht shenjat, kemi humbur jo vet\u00ebm ne, por edhe ne si shqiptar\u00eb. Ishin n\u00eb nj\u00eb far\u00eb lufte p\u00ebr p\u00ebrgatitjen p\u00ebr t\u00eb ardhmen. Retorika ka qen\u00eb e papranueshme. Nuk ndodh n\u00eb asnj\u00eb vend q\u00eb t\u00eb kushtojn\u00eb or\u00eb t\u00eb t\u00ebra sesi mund t\u00eb shqyhen dyer, a thua se po p\u00ebrgatiteshin p\u00ebr t\u00eb marr\u00eb K\u00ebshtjealla si shpellar\u00eb.<\/p>\n<p>T\u00eb ulemi dhe t\u00eb reflektojm\u00eb se kush ka gabuar. Partia nuk \u00ebsht\u00eb godina, \u00ebsht\u00eb esenca \u00ebsht\u00eb ideali i caktuar. Nuk ishte e nevojshme t\u00eb shkonim n\u00eb k\u00ebt\u00eb pik\u00eb. Kjo nga brenda jasht\u00eb nuk duhet t\u00eb kishte ndodhur. Pavar\u00ebsisht kushteve t\u00eb krijuara.<\/p>\n<p>Policia \u00ebsht\u00eb Policia shqiptare. Ligji duhet t\u00eb veproj\u00eb p\u00ebr \u00e7do qytetar shqiptar\u00eb. Un\u00eb jam e sigurt q\u00eb koha e Berish\u00ebs ka mbaruar. Ka nga ata q\u00eb nuk kan\u00eb buk t\u00eb han\u00eb dhe kan\u00eb ardhur interesa t\u00eb nj\u00ebra apo t\u00eb tjerit. Un\u00eb i t\u00ebrheq v\u00ebmendje policis\u00eb q\u00eb t\u00eb rrij\u00eb n\u00eb nivelin e saj. Po t\u00eb isha un\u00eb n\u00eb godin\u00eb do k\u00ebrkoja personalisht mbrojtjen e policis\u00eb shqiptare\u201d tha A\u00e7ka nd\u00ebr t\u00eb tjera p\u00ebr \u201cNews24\u2033.<\/p>","protected":false},"excerpt":{"rendered":"<p>Deputetja Flutura A\u00e7ka ka folur n\u00eb nj\u00eb intervist\u00eb n\u00eb lidhje me protest\u00ebn e zhvilluar dit\u00ebn e djeshme n\u00eb selin\u00eb e PD. A\u00e7ka u shpreh se kjo ishte nj\u00eb humbje p\u00ebr t\u00eb dyja pal\u00ebt e PD, madje dhe p\u00ebr t\u00eb gjith\u00eb shqiptar\u00ebt. Ajo tha se hedhja e gur\u00ebve nga jasht\u00eb brenda n\u00eb seli, dhe sidomos nga [&hellip;]<\/p>\n","protected":false},"author":2030,"featured_media":229404,"comment_status":"closed","ping_status":"closed","sticky":false,"template":"","format":"standard","meta":{"footnotes":""},"categories":[241,3366,5380,1454],"tags":[],"class_list":{"0":"post-229403","1":"post","2":"type-post","3":"status-publish","4":"format-standard","5":"has-post-thumbnail","7":"category-aktualitet","8":"category-koment","9":"category-kryesore","10":"category-politike"},"_links":{"self":[{"href":"https:\/\/zjarr.tv\/en\/wp-json\/wp\/v2\/posts\/229403","targetHints":{"allow":["GET"]}}],"collection":[{"href":"https:\/\/zjarr.tv\/en\/wp-json\/wp\/v2\/posts"}],"about":[{"href":"https:\/\/zjarr.tv\/en\/wp-json\/wp\/v2\/types\/post"}],"author":[{"embeddable":true,"href":"https:\/\/zjarr.tv\/en\/wp-json\/wp\/v2\/users\/2030"}],"replies":[{"embeddable":true,"href":"https:\/\/zjarr.tv\/en\/wp-json\/wp\/v2\/comments?post=229403"}],"version-history":[{"count":0,"href":"https:\/\/zjarr.tv\/en\/wp-json\/wp\/v2\/posts\/229403\/revisions"}],"wp:featuredmedia":[{"embeddable":true,"href":"https:\/\/zjarr.tv\/en\/wp-json\/wp\/v2\/media\/229404"}],"wp:attachment":[{"href":"https:\/\/zjarr.tv\/en\/wp-json\/wp\/v2\/media?parent=229403"}],"wp:term":[{"taxonomy":"category","embeddable":true,"href":"https:\/\/zjarr.tv\/en\/wp-json\/wp\/v2\/categories?post=229403"},{"taxonomy":"post_tag","embeddable":true,"href":"https:\/\/zjarr.tv\/en\/wp-json\/wp\/v2\/tags?post=229403"}],"curies":[{"name":"wp","href":"https:\/\/api.w.org\/{rel}","templated":true}]}}