{"id":229411,"date":"2022-01-09T12:18:05","date_gmt":"2022-01-09T11:18:05","guid":{"rendered":"https:\/\/zjarr.tv\/?p=229411"},"modified":"2022-01-09T12:18:05","modified_gmt":"2022-01-09T11:18:05","slug":"dasho-aliko-leter-te-hapur-bashes-hape-krahun-dhe-kontribuo-per-demokratet-e-thjeshte","status":"publish","type":"post","link":"https:\/\/zjarr.tv\/en\/dasho-aliko-leter-te-hapur-bashes-hape-krahun-dhe-kontribuo-per-demokratet-e-thjeshte\/","title":{"rendered":"Dasho Aliko let\u00ebr t\u00eb hapur Bash\u00ebs: Hape krahun dhe kontribuo p\u00ebr demokrat\u00ebt e thjesht\u00eb"},"content":{"rendered":"<p>Kryetari i PD-s\u00eb n\u00eb Gjirokast\u00ebr Dasho Aliko i ka d\u00ebrguar nj\u00eb let\u00ebr t\u00eb hapur kreut t\u00eb PD, Lulzim Basha ku thot\u00eb se ndihet i keqardhur q\u00ebr at\u00eb q\u00eb ndodhi dje n\u00eb selin\u00eb e PD. Ai shkruan se n\u00ebse Basha \u00ebsht\u00eb i sigurt se ka shumic\u00ebn at\u00ebher\u00eb t\u00eb hyjn\u00eb n\u00eb vot\u00ebbesim.<\/p>\n<p>\u201cN\u00eb k\u00ebto kushte, zoti Basha ju b\u00ebj thirrje se n\u00ebse jeni i bindur q\u00eb keni shumic\u00ebn e demokrat\u00ebve, hyni n\u00eb vot\u00ebbesim sa m\u00eb shpejt t\u00eb jet\u00eb e mundur. N\u00ebse ju mendoni qe nuk e keni shumic\u00ebn dhe q\u00eb p\u00ebr mendimin tim nuk e keni, hape krahun dhe kontribuo p\u00ebr demokrat\u00ebt e thjesht\u00eb dhe mendo p\u00ebr ta q\u00eb vuajn\u00eb prej 8 vitesh t\u00eb cil\u00ebt t\u00eb dhan\u00eb gjithcka ty dhe ku dje ua shp\u00ebrblyet me gaz lot\u00ebsjell\u00ebs!\u201dshkruan nd\u00ebr t\u00eb tjera Aliko.<\/p>\n<p>E plot\u00eb:<\/p>\n<p>Let\u00ebr e hapur drejtuar Lulzim Basha !! Zoti Basha i\u2019u drejtohem ju dhe demokrat\u00ebve q\u00eb kan\u00eb zgjedhur t\u00eb jen\u00eb n\u00eb rrug\u00ebn tuaj. Shpreh keqardhjen m\u00eb t\u00eb madhe p\u00ebr ato q\u00eb ndodh\u00ebn dje para selis\u00eb s\u00eb demokrat\u00ebve t\u00eb cil\u00ebt u gjakos\u00ebn.<\/p>\n<p>I shtyr\u00eb nga k\u00ebto zhvillime, dua t\u2019ju them se kok\u00ebfort\u00ebsia juaj dhe mos njohja e realitetit n\u00eb baz\u00eb, m\u00eb b\u00ebn t\u00eb dyshoj dhe dua t\u00eb besoj sinqerisht se jeni viktim\u00eb e deformimit dhe dizinformimit nga mb\u00ebshtet\u00ebsit tuaj n\u00eb baz\u00ebn demokrate. N\u00eb cil\u00ebsin\u00eb e kryetarit t\u00eb demokrat\u00ebve t\u00eb Gjirokastr\u00ebs, m\u00eb dat\u00eb 11 shtator t\u00eb vitit t\u00eb kaluar, ju kam k\u00ebrkuar t\u00eb dilni n\u00eb terren p\u00ebr t\u00eb prekur realitetin tek baza demokrate n\u00eb vend cka nuk e mor\u00ebt n\u00eb konsiderat\u00eb. Kjo besoj nga keqinformimi prej kryetar\u00ebve t\u00eb deg\u00ebve n\u00ebp\u00ebr rrethe q\u00eb deformonin realitetin.<\/p>\n<p>Ky realitet u v\u00ebrtetua n\u00eb kuvendin e thirrur nga an\u00ebtar\u00ebsia m\u00eb dat\u00eb 11 dhjetor dhe n\u00eb at\u00eb t\u00eb kuvendit q\u00eb ju organizuat m\u00eb 18 dhjetor. Pa dashur t\u00eb merrem me deg\u00ebt e tjera n\u00eb vend, ju v\u00eb n\u00eb dispozicion me em\u00ebr dhe me mbiem\u00ebr secilin pjesmarr\u00ebs n\u00eb t\u00eb dy kuvendet respektive at\u00eb t\u00eb dat\u00ebs 11 dhe at\u00eb t\u00eb dat\u00ebs 18 dhjetor 2021.<\/p>\n<p>K\u00ebtu del qart\u00eb pjesmarrja reale n\u00eb t\u00eb dy kuvendet e thirrura. M\u00eb dat\u00eb 16 dhjetor ju kam b\u00ebr\u00eb thirrje ju dhe mb\u00ebshtet\u00ebsve tuaj t\u00eb ishit pjes\u00eb e referendmit t\u00eb vot\u00ebbesimit p\u00ebr t\u00eb qart\u00ebsuar n\u00ebse demokrat\u00ebt do t\u00eb vot\u00ebbvesonin apo jo. Juve mund t\u00eb keni shumic\u00ebn e grupit parlamentar apo dhe t\u00eb kryesis\u00eb kjo ska r\u00ebnd\u00ebsi p\u00ebrsa koh\u00eb q\u00eb an\u00ebtar\u00ebsia ju dha p\u00ebrgjigjen n\u00eb referendumin e 18 dhjetorit. T\u00eb nderuar demokrat\u00eb, miq t\u00eb mij q\u00eb vijoni t\u00eb gaboni!<\/p>\n<p>Ajo sken\u00eb e djeshme me p\u00ebrplasje mes demokrat\u00ebsh, rodhi si pasoj\u00eb e servirjes tek Basha e nj\u00eb realiteti surreal t\u00eb baz\u00ebs demokrate. Cfar\u00eb vlere ka m\u00eb individi qoft\u00eb ky Basha apo Berisha kur t\u00eb dy pal\u00ebt si shumica e atyre brenda selis\u00eb jan\u00eb demokrat\u00eb dhe ata q\u00eb ishin jasht\u00eb ishin t\u00eb gjith\u00eb demokrat\u00eb? M\u00eb thoni ju zoti Basha, cfar\u00eb vler\u00eb ka godina pa demokrat\u00eb? Kjo \u00ebsht\u00eb marr\u00ebzi p\u00ebr mendimin tim. N\u00eb k\u00ebto kushte, zoti Basha ju b\u00ebj thirrje se n\u00ebse jeni i bindur q\u00eb keni shumic\u00ebn e demokrat\u00ebve, hyni n\u00eb vot\u00ebbesim sa m\u00eb shpejt t\u00eb jet\u00eb e mundur.<\/p>\n<p>N\u00ebse ju mendoni qe nuk e keni shumic\u00ebn dhe q\u00eb p\u00ebr mendimin tim nuk e keni, hape krahun dhe kontribuo p\u00ebr demokrat\u00ebt e thjesht\u00eb dhe mendo p\u00ebr ta q\u00eb vuajn\u00eb prej 8 vitesh t\u00eb cil\u00ebt t\u00eb dhan\u00eb gjithcka ty dhe ku dje ua shp\u00ebrblyet me gaz lot\u00ebsjell\u00ebs! Dasho Aliko kryetar i PD Gjirokast\u00ebr.<\/p>","protected":false},"excerpt":{"rendered":"<p>Kryetari i PD-s\u00eb n\u00eb Gjirokast\u00ebr Dasho Aliko i ka d\u00ebrguar nj\u00eb let\u00ebr t\u00eb hapur kreut t\u00eb PD, Lulzim Basha ku thot\u00eb se ndihet i keqardhur q\u00ebr at\u00eb q\u00eb ndodhi dje n\u00eb selin\u00eb e PD. Ai shkruan se n\u00ebse Basha \u00ebsht\u00eb i sigurt se ka shumic\u00ebn at\u00ebher\u00eb t\u00eb hyjn\u00eb n\u00eb vot\u00ebbesim. \u201cN\u00eb k\u00ebto kushte, zoti Basha [&hellip;]<\/p>\n","protected":false},"author":2030,"featured_media":229412,"comment_status":"closed","ping_status":"closed","sticky":false,"template":"","format":"standard","meta":{"footnotes":""},"categories":[241,3366,5380,231,1454],"tags":[],"class_list":{"0":"post-229411","1":"post","2":"type-post","3":"status-publish","4":"format-standard","5":"has-post-thumbnail","7":"category-aktualitet","8":"category-koment","9":"category-kryesore","10":"category-lajme","11":"category-politike"},"_links":{"self":[{"href":"https:\/\/zjarr.tv\/en\/wp-json\/wp\/v2\/posts\/229411","targetHints":{"allow":["GET"]}}],"collection":[{"href":"https:\/\/zjarr.tv\/en\/wp-json\/wp\/v2\/posts"}],"about":[{"href":"https:\/\/zjarr.tv\/en\/wp-json\/wp\/v2\/types\/post"}],"author":[{"embeddable":true,"href":"https:\/\/zjarr.tv\/en\/wp-json\/wp\/v2\/users\/2030"}],"replies":[{"embeddable":true,"href":"https:\/\/zjarr.tv\/en\/wp-json\/wp\/v2\/comments?post=229411"}],"version-history":[{"count":0,"href":"https:\/\/zjarr.tv\/en\/wp-json\/wp\/v2\/posts\/229411\/revisions"}],"wp:featuredmedia":[{"embeddable":true,"href":"https:\/\/zjarr.tv\/en\/wp-json\/wp\/v2\/media\/229412"}],"wp:attachment":[{"href":"https:\/\/zjarr.tv\/en\/wp-json\/wp\/v2\/media?parent=229411"}],"wp:term":[{"taxonomy":"category","embeddable":true,"href":"https:\/\/zjarr.tv\/en\/wp-json\/wp\/v2\/categories?post=229411"},{"taxonomy":"post_tag","embeddable":true,"href":"https:\/\/zjarr.tv\/en\/wp-json\/wp\/v2\/tags?post=229411"}],"curies":[{"name":"wp","href":"https:\/\/api.w.org\/{rel}","templated":true}]}}