{"id":229415,"date":"2022-01-09T12:26:08","date_gmt":"2022-01-09T11:26:08","guid":{"rendered":"https:\/\/zjarr.tv\/?p=229415"},"modified":"2022-01-09T12:26:08","modified_gmt":"2022-01-09T11:26:08","slug":"protesta-ne-pd-rama-bashkebisedim-me-demokratet-3-4-miq-te-huaj-me-moren-ne-telefon-te-shokuar-nuk-e-besonin","status":"publish","type":"post","link":"https:\/\/zjarr.tv\/en\/protesta-ne-pd-rama-bashkebisedim-me-demokratet-3-4-miq-te-huaj-me-moren-ne-telefon-te-shokuar-nuk-e-besonin\/","title":{"rendered":"Protesta n\u00eb PD, Rama bashk\u00ebbisedim me demokrat\u00ebt: 3-4 miq t\u00eb huaj m\u00eb mor\u00ebn n\u00eb telefon, t\u00eb shokuar nuk e besonin"},"content":{"rendered":"<p>Kryeministri Edi Rama po mban bashk\u00ebbisedimin me demokrat\u00ebt, pas protest\u00ebs s\u00eb mbajtur dje n\u00eb selin\u00eb e PD. Rama tha se ishte nj\u00eb ndodhi shum\u00eb e r\u00ebnd\u00eb p\u00ebr demokrat\u00ebt, teksa tha se nuk ka ndodhur n\u00eb asnj\u00eb vend n\u00eb bot\u00eb q\u00eb nj\u00eb parti t\u00eb sulmohet dhunsh\u00ebm nga t\u00eb vet\u00ebt.<\/p>\n<p>\u201cI p\u00ebrkasin asaj pjes\u00eb t\u00eb kampit politik q\u00eb identifikohen me Partin\u00eb Demokrtike. Ndodhia e djeshme ishte shum\u00eb e r\u00ebnd\u00eb p\u00ebr demokrat\u00ebt por ishte e r\u00ebnd\u00eb p\u00ebr t\u00eb gjith\u00eb shqiptar\u00ebt dhe vet\u00eb Shqip\u00ebrin\u00eb. 3 -4 miq t\u00eb huaj m\u00eb k\u00ebn\u00eb telefonuar a \u00ebsht\u00eb e v\u00ebrtet\u00eb q\u00eb \u00ebsht\u00eb sulmuar godina e opozit\u00ebs nga vet\u00eb ata.<\/p>\n<p>Nj\u00eb lajm krejt befasues sa i r\u00ebnd\u00eb edhe qesharak q\u00eb nj\u00eb vend demokratik sulmohet me dhun\u00eb sulm opozita nga vet\u00eb mb\u00ebshtet\u00ebsit e saj. Nuk ka ndodhur n\u00eb historin\u00eb e bot\u00ebs demokratike.<\/p>\n<p>Di\u00e7ka q\u00eb shkon p\u00ebrtej \u00e7do logjike dhe q\u00eb sigurisht shum\u00eb kush mund t\u00eb mendoj se p\u00ebr mua \u00ebsht\u00eb e mir\u00ebseardhur. Kushdo q\u00eb mendon se \u00ebsht\u00eb e mir\u00ebseardhur n\u00eb aspketin cinik t\u00eb politik\u00ebs, nj\u00eb zhvillimni till\u00eb e dob\u00ebson kund\u00ebrshtarin godet aman dhe shoq\u00ebrine. Pik\u00eb e zez\u00eb! Ajo q\u00eb p\u00ebrb\u00ebn t\u00eb v\u00ebrtet\u00ebn e thjesht\u00eb se k\u00ebta dy personazhe jan\u00eb e nj\u00ebjta mbetje e ndar\u00eb p\u00ebrgjys\u00ebm.<\/p>\n<p>Ajo q\u00eb p\u00ebrb\u00ebn n\u00eb fakt t\u00eb v\u00ebrteten e thjesht\u00eb \u00ebsht\u00eb q\u00eb t\u00eb dy personazhet jan\u00eb e nj\u00ebjta mbetja e asaj partie t\u00eb ndar\u00eb p\u00ebrgjysm\u00eb, mbetje t\u00eb pariciklueshme n\u00eb funksion t\u00eb s\u00eb ardhmes. I dyti \u00ebsht\u00eb futur n\u00eb sken\u00eb nga i pari si hija e tij. Ky \u00ebsht\u00eb nj\u00eb moment delikat jo vet\u00ebm p\u00ebr PD. Ajo dje ishte nj\u00eb shfaqje mesjetare. Me nj\u00eb ushtri brenda t\u00eb karikuar me nj\u00eb sistem t\u00eb fortifikuar dhe nj\u00eb ushtri jasht\u00eb e karikuar p\u00ebr t\u00eb sulmuar me \u00e7eki\u00e7, me shkall\u00eb, mund t\u00eb kishte degjeneruar n\u00eb di\u00e7ka t\u00eb pangush\u00ebllueshme p\u00ebr PD, p\u00ebr demokrat\u00ebt dhe shoq\u00ebrin\u00eb ton\u00eb. Si njeri dhe si tjetri, jan\u00eb dy kufoma politike, q\u00eb kan\u00eb marr\u00eb peng at\u00eb parti, p\u00ebr fat t\u00eb keq ishin pap\u00ebrgjegjshm\u00ebris\u00eb t\u00eb gatsh\u00ebm p\u00ebr rolin e marr\u00ebsit dhe mbrojt\u00ebsit t\u00eb k\u00ebshtjell\u00ebs s\u00eb PD. Ishin t\u00eb dy t\u00eb gatsh\u00ebm t\u00eb sakrifikonin njer\u00ebz \u201d, tha Rama nd\u00ebr t\u00eb tjera.<\/p>","protected":false},"excerpt":{"rendered":"<p>Kryeministri Edi Rama po mban bashk\u00ebbisedimin me demokrat\u00ebt, pas protest\u00ebs s\u00eb mbajtur dje n\u00eb selin\u00eb e PD. Rama tha se ishte nj\u00eb ndodhi shum\u00eb e r\u00ebnd\u00eb p\u00ebr demokrat\u00ebt, teksa tha se nuk ka ndodhur n\u00eb asnj\u00eb vend n\u00eb bot\u00eb q\u00eb nj\u00eb parti t\u00eb sulmohet dhunsh\u00ebm nga t\u00eb vet\u00ebt. \u201cI p\u00ebrkasin asaj pjes\u00eb t\u00eb kampit politik [&hellip;]<\/p>\n","protected":false},"author":2030,"featured_media":229416,"comment_status":"closed","ping_status":"closed","sticky":false,"template":"","format":"standard","meta":{"footnotes":""},"categories":[241,3366,5380,231,1454],"tags":[],"class_list":{"0":"post-229415","1":"post","2":"type-post","3":"status-publish","4":"format-standard","5":"has-post-thumbnail","7":"category-aktualitet","8":"category-koment","9":"category-kryesore","10":"category-lajme","11":"category-politike"},"_links":{"self":[{"href":"https:\/\/zjarr.tv\/en\/wp-json\/wp\/v2\/posts\/229415","targetHints":{"allow":["GET"]}}],"collection":[{"href":"https:\/\/zjarr.tv\/en\/wp-json\/wp\/v2\/posts"}],"about":[{"href":"https:\/\/zjarr.tv\/en\/wp-json\/wp\/v2\/types\/post"}],"author":[{"embeddable":true,"href":"https:\/\/zjarr.tv\/en\/wp-json\/wp\/v2\/users\/2030"}],"replies":[{"embeddable":true,"href":"https:\/\/zjarr.tv\/en\/wp-json\/wp\/v2\/comments?post=229415"}],"version-history":[{"count":0,"href":"https:\/\/zjarr.tv\/en\/wp-json\/wp\/v2\/posts\/229415\/revisions"}],"wp:featuredmedia":[{"embeddable":true,"href":"https:\/\/zjarr.tv\/en\/wp-json\/wp\/v2\/media\/229416"}],"wp:attachment":[{"href":"https:\/\/zjarr.tv\/en\/wp-json\/wp\/v2\/media?parent=229415"}],"wp:term":[{"taxonomy":"category","embeddable":true,"href":"https:\/\/zjarr.tv\/en\/wp-json\/wp\/v2\/categories?post=229415"},{"taxonomy":"post_tag","embeddable":true,"href":"https:\/\/zjarr.tv\/en\/wp-json\/wp\/v2\/tags?post=229415"}],"curies":[{"name":"wp","href":"https:\/\/api.w.org\/{rel}","templated":true}]}}