{"id":229419,"date":"2022-01-09T13:03:57","date_gmt":"2022-01-09T12:03:57","guid":{"rendered":"https:\/\/zjarr.tv\/?p=229419"},"modified":"2022-01-09T13:05:13","modified_gmt":"2022-01-09T12:05:13","slug":"hodhi-uje-e-gaz-mbi-protestuesit-rama-pergezon-policine-u-sfidua-me-nje-kacafytje-ne-oborrin-e-nje-partie-ngjarje-barbare","status":"publish","type":"post","link":"https:\/\/zjarr.tv\/en\/hodhi-uje-e-gaz-mbi-protestuesit-rama-pergezon-policine-u-sfidua-me-nje-kacafytje-ne-oborrin-e-nje-partie-ngjarje-barbare\/","title":{"rendered":"Hodhi uj\u00eb e gaz mbi protestuesit, Rama \u2018p\u00ebrg\u00ebzon\u2019 policin\u00eb: U sfidua me nj\u00eb kacafytje n\u00eb oborrin e nj\u00eb partie, ngjarje barbare!"},"content":{"rendered":"<p>Kryeministri Edi Rama teksa po bisedon me demokrat\u00ebt p\u00ebr situat\u00ebn e krijuar n\u00eb PD ka p\u00ebrg\u00ebzuar edhe policin\u00eb p\u00ebr pun\u00ebn e b\u00ebr\u00eb dje. Rama u shpreh se policia meriton nj\u00eb falenderim t\u00eb posa\u00e7\u00ebm p\u00ebr nd\u00ebrhyrjen\u00a0 dhe se ishte e st\u00ebrvitur p\u00ebr t\u00eb p\u00ebrballur k\u00ebt\u00eb materie politike.<\/p>\n<p>\u201cPolicia e st\u00ebrvitur p\u00ebr t\u00eb p\u00ebrballuar k\u00ebt\u00eb materie politike, k\u00ebt\u00eb lloj qasjeje dhe k\u00ebt\u00eb lloj drejtimi politik q\u00eb e p\u00ebrfshin dhun\u00ebn si mjet politik me agresionin ndaj godinave, meriton nj\u00eb fal\u00ebnderon shum\u00eb t\u00eb posa\u00e7\u00ebm. Mbajti t\u00eb nj\u00ebjtin standard si\u00e7 e ka krijuar n\u00eb mbrojtjen e godin\u00ebs s\u00eb Qeveris\u00eb nga kjo materie, kjo prurje, kjo turm\u00eb e cila dje ishte ndar\u00eb p\u00ebrgjysm\u00eb, nj\u00ebra pjesa brenda godin\u00ebs dhe tjetra jasht\u00eb.<\/p>\n<p>Sulmet e t\u00eb dyja pal\u00ebve pasi gj\u00ebrat u kthyen n\u00eb nj\u00eb far\u00eb normaliteti ndaj policis\u00eb \u00ebsht\u00eb sh\u00ebmb\u00eblltyre se t\u00eb dyja ato kufoma jan\u00eb shum\u00eb larg ides\u00eb s\u00eb shtetit, kultur\u00ebs dhe ligjit dhe ligjshm\u00ebris\u00eb sepse jan\u00eb n\u00eb fakt e nj\u00ebjta gj\u00eb, e nj\u00ebjta mbetje e ndar\u00eb p\u00ebrgjysm\u00eb. E vjetra apo e reja k\u00ebtu \u00ebsht\u00eb thjesht biologji dhe nuk \u00ebsht\u00eb absolutisht asgj\u00eb tjet\u00ebr\u201d, Rama.<\/p>","protected":false},"excerpt":{"rendered":"<p>Kryeministri Edi Rama teksa po bisedon me demokrat\u00ebt p\u00ebr situat\u00ebn e krijuar n\u00eb PD ka p\u00ebrg\u00ebzuar edhe policin\u00eb p\u00ebr pun\u00ebn e b\u00ebr\u00eb dje. Rama u shpreh se policia meriton nj\u00eb falenderim t\u00eb posa\u00e7\u00ebm p\u00ebr nd\u00ebrhyrjen\u00a0 dhe se ishte e st\u00ebrvitur p\u00ebr t\u00eb p\u00ebrballur k\u00ebt\u00eb materie politike. \u201cPolicia e st\u00ebrvitur p\u00ebr t\u00eb p\u00ebrballuar k\u00ebt\u00eb materie politike, [&hellip;]<\/p>\n","protected":false},"author":2030,"featured_media":229420,"comment_status":"closed","ping_status":"closed","sticky":false,"template":"","format":"standard","meta":{"footnotes":""},"categories":[241,3366,5380,231,1454],"tags":[],"class_list":{"0":"post-229419","1":"post","2":"type-post","3":"status-publish","4":"format-standard","5":"has-post-thumbnail","7":"category-aktualitet","8":"category-koment","9":"category-kryesore","10":"category-lajme","11":"category-politike"},"_links":{"self":[{"href":"https:\/\/zjarr.tv\/en\/wp-json\/wp\/v2\/posts\/229419","targetHints":{"allow":["GET"]}}],"collection":[{"href":"https:\/\/zjarr.tv\/en\/wp-json\/wp\/v2\/posts"}],"about":[{"href":"https:\/\/zjarr.tv\/en\/wp-json\/wp\/v2\/types\/post"}],"author":[{"embeddable":true,"href":"https:\/\/zjarr.tv\/en\/wp-json\/wp\/v2\/users\/2030"}],"replies":[{"embeddable":true,"href":"https:\/\/zjarr.tv\/en\/wp-json\/wp\/v2\/comments?post=229419"}],"version-history":[{"count":0,"href":"https:\/\/zjarr.tv\/en\/wp-json\/wp\/v2\/posts\/229419\/revisions"}],"wp:featuredmedia":[{"embeddable":true,"href":"https:\/\/zjarr.tv\/en\/wp-json\/wp\/v2\/media\/229420"}],"wp:attachment":[{"href":"https:\/\/zjarr.tv\/en\/wp-json\/wp\/v2\/media?parent=229419"}],"wp:term":[{"taxonomy":"category","embeddable":true,"href":"https:\/\/zjarr.tv\/en\/wp-json\/wp\/v2\/categories?post=229419"},{"taxonomy":"post_tag","embeddable":true,"href":"https:\/\/zjarr.tv\/en\/wp-json\/wp\/v2\/tags?post=229419"}],"curies":[{"name":"wp","href":"https:\/\/api.w.org\/{rel}","templated":true}]}}