{"id":229453,"date":"2022-01-09T15:21:15","date_gmt":"2022-01-09T14:21:15","guid":{"rendered":"https:\/\/zjarr.tv\/?p=229453"},"modified":"2022-01-09T15:33:21","modified_gmt":"2022-01-09T14:33:21","slug":"229453-2","status":"publish","type":"post","link":"https:\/\/zjarr.tv\/en\/229453-2\/","title":{"rendered":"Berisha: E gjuajt\u00ebn me topa uji, sikur t\u00eb ishte &#8230;."},"content":{"rendered":"<p>Sali Berisha ka komentuar at\u00eb q\u00eb ndodhi me kameramanin e televizionit Fax NeWs, ndaj t\u00eb cilit nj\u00eb dit\u00eb m\u00eb par\u00eb gjat\u00eb protestes u hodh uj\u00eb nga forcat e policis\u00eb.<\/p>\n<p>Sipas Berish\u00ebs ajo q\u00eb ndodhi ishte trajtim shtazor, nd\u00ebrsa u shpreh se kameramani thjesht po b\u00ebnte detyr\u00ebn. \u201cAi i pat\u00eb ju k\u00ebtu, me uj\u00eb rojet e Lulzim brav\u00ebs, uj\u00eb mbi demonstruesit. <\/p>\n<p>E pranoj u thyen xhama, u shkua n\u00eb port\u00eb t\u00eb blinduar. A i pat\u00eb trajtimet shtazore t\u00eb trajtimit ndaj mediave.<\/p>\n<p>Shkoni dhe merrni  pamjet e kameramanit t\u00eb Fax Ne\u00ebs, n\u00eb krye t\u00eb detyr\u00ebs me kamer n\u00eb dor\u00eb, sikur t\u00eb ishte automatik, I gjuante me top uj\u00eb p\u00ebr ta shembur. Ai po kryente detyr\u00ebn\u201d, tha Berisha.<\/p>","protected":false},"excerpt":{"rendered":"<p>Sali Berisha ka komentuar at\u00eb q\u00eb ndodhi me kameramanin e televizionit Fax NeWs, ndaj t\u00eb cilit nj\u00eb dit\u00eb m\u00eb par\u00eb gjat\u00eb protestes u hodh uj\u00eb nga forcat e policis\u00eb. Sipas Berish\u00ebs ajo q\u00eb ndodhi ishte trajtim shtazor, nd\u00ebrsa u shpreh se kameramani thjesht po b\u00ebnte detyr\u00ebn. \u201cAi i pat\u00eb ju k\u00ebtu, me uj\u00eb rojet e [&hellip;]<\/p>\n","protected":false},"author":2031,"featured_media":229454,"comment_status":"closed","ping_status":"closed","sticky":false,"template":"","format":"standard","meta":{"footnotes":""},"categories":[241,231,235],"tags":[],"class_list":{"0":"post-229453","1":"post","2":"type-post","3":"status-publish","4":"format-standard","5":"has-post-thumbnail","7":"category-aktualitet","8":"category-lajme","9":"category-vendi"},"_links":{"self":[{"href":"https:\/\/zjarr.tv\/en\/wp-json\/wp\/v2\/posts\/229453","targetHints":{"allow":["GET"]}}],"collection":[{"href":"https:\/\/zjarr.tv\/en\/wp-json\/wp\/v2\/posts"}],"about":[{"href":"https:\/\/zjarr.tv\/en\/wp-json\/wp\/v2\/types\/post"}],"author":[{"embeddable":true,"href":"https:\/\/zjarr.tv\/en\/wp-json\/wp\/v2\/users\/2031"}],"replies":[{"embeddable":true,"href":"https:\/\/zjarr.tv\/en\/wp-json\/wp\/v2\/comments?post=229453"}],"version-history":[{"count":0,"href":"https:\/\/zjarr.tv\/en\/wp-json\/wp\/v2\/posts\/229453\/revisions"}],"wp:featuredmedia":[{"embeddable":true,"href":"https:\/\/zjarr.tv\/en\/wp-json\/wp\/v2\/media\/229454"}],"wp:attachment":[{"href":"https:\/\/zjarr.tv\/en\/wp-json\/wp\/v2\/media?parent=229453"}],"wp:term":[{"taxonomy":"category","embeddable":true,"href":"https:\/\/zjarr.tv\/en\/wp-json\/wp\/v2\/categories?post=229453"},{"taxonomy":"post_tag","embeddable":true,"href":"https:\/\/zjarr.tv\/en\/wp-json\/wp\/v2\/tags?post=229453"}],"curies":[{"name":"wp","href":"https:\/\/api.w.org\/{rel}","templated":true}]}}