{"id":229799,"date":"2022-01-11T20:34:58","date_gmt":"2022-01-11T19:34:58","guid":{"rendered":"https:\/\/zjarr.tv\/?p=229799"},"modified":"2022-01-11T20:34:58","modified_gmt":"2022-01-11T19:34:58","slug":"noka-zbulon-prapaskenat-bashes-i-eshte-ngarkuar-misioni-per-te-shkaterruar-pd-nga-nje-nderkombetar-perfaqesues-i-soros","status":"publish","type":"post","link":"https:\/\/zjarr.tv\/en\/noka-zbulon-prapaskenat-bashes-i-eshte-ngarkuar-misioni-per-te-shkaterruar-pd-nga-nje-nderkombetar-perfaqesues-i-soros\/","title":{"rendered":"Noka zbulon prapaskenat: Bash\u00ebs i \u00ebsht\u00eb ngarkuar misioni p\u00ebr t\u00eb shkat\u00ebrruar PD, nga nj\u00eb nd\u00ebrkomb\u00ebtar, p\u00ebrfaq\u00ebsues i Soros"},"content":{"rendered":"<p>Teksa ka komentuar protest\u00ebn e 8 janarit t\u00eb zhvilluar para selis\u00eb blu, deputeti i Partis\u00eb Demokratike, Flamur Noka \u00ebsht\u00eb shprehur se demokrat\u00ebt u ngrit\u00ebn n\u00eb protest\u00eb p\u00ebr t\u2019i th\u00ebn\u00eb Lulzim Bash\u00ebs q\u00eb t\u00eb nd\u00ebrtoj\u00eb bunker ku t\u00eb doj\u00eb, por ama t\u00eb liroj\u00eb sht\u00ebpin\u00eb e demokrat\u00ebve.<\/p>\n<p>N\u00eb nj\u00eb intervist\u00eb p\u00ebr Ora News, tha se Edi Rama dha urdh\u00ebr t\u00eb nd\u00ebrhynte policia, pasi demokrat\u00ebt i shqet\u00ebsuan pengun, duke l\u00ebn\u00eb t\u00eb n\u00ebnkuptohet se fjala \u00ebsht\u00eb p\u00ebr Bash\u00ebn.<\/p>\n<p>Flamur Noka: Rama ta marr\u00eb pengun dhe t\u00eb krijoj\u00eb nj\u00eb bunker ku t\u00eb doj\u00eb, por nuk mund ta krijoj\u00eb bunker n\u00eb sht\u00ebpin\u00eb e demokrat\u00ebve. Demokrat\u00ebt protestuan, p\u00ebr t\u2019i th\u00ebn\u00eb pengut q\u00eb mund t\u00eb nd\u00ebrtoj\u00eb bunker ku t\u00eb doj\u00eb por t\u00eb liroj\u00eb sht\u00ebpin\u00eb e demokrat\u00ebve. Rama b\u00ebri dhun\u00eb dhe terror, policior, gaz lotsjell\u00ebs pa fund mbi demokrat\u00ebt sepse I shq\u00ebt\u00ebsuam pengun. N\u00ebse nuk do kishte nj\u00eb reagim t\u00eb policis\u00eb, sht\u00ebpia do t\u00eb u kthehej demokrat\u00ebve, pengu do t\u00eb \u00e7ohej n\u00eb sht\u00ebpin\u00eb e vet.<\/p>\n<p>Noka ka l\u00ebshuar akuza t\u00eb forta ndaj Lulzim Bash\u00ebs, duke th\u00ebn\u00eb se k\u00ebtij t\u00eb fundit i \u00ebsht\u00eb ngarkuar nj\u00eb mision nga nd\u00ebrkomb\u00ebtar\u00ebt p\u00ebr t\u00eb shkat\u00ebrruar PD.<\/p>\n<p>Flamur Noka: Protestat dhe vet\u00ebm protestat jan\u00eb mjeti i vet\u00ebm p\u00ebr t\u00eb rr\u00ebzuar nj\u00eb regjim. Por t\u00eb gjitha protestat u drenazhuan n\u00eb fund nga pengu sepse vula ishte dh\u00ebn\u00eb me qira. Vul\u00ebn e selis\u00eb son\u00eb e kishte me qira  Kryeministri. Pse u lan\u00eb t\u00eb gjitha aksionet n\u00eb gjysm\u00eb.<\/p>\n<p>Pengut i \u00ebsht\u00eb ngarkuar misioni p\u00ebr t\u00eb shkat\u00ebrruar PD, nga nj\u00eb nd\u00ebrkomb\u00ebtar p\u00ebrfaq\u00ebsues i Gjorgj Soros: Duhet t\u00eb shkat\u00ebrrosh PD.  Ai \u00ebsht\u00eb n\u00eb misionin e tij por edhe ne jemi n\u00eb misionin ton\u00eb q\u00eb t\u00eb shp\u00ebtojm\u00eb PD.<\/p>","protected":false},"excerpt":{"rendered":"<p>Teksa ka komentuar protest\u00ebn e 8 janarit t\u00eb zhvilluar para selis\u00eb blu, deputeti i Partis\u00eb Demokratike, Flamur Noka \u00ebsht\u00eb shprehur se demokrat\u00ebt u ngrit\u00ebn n\u00eb protest\u00eb p\u00ebr t\u2019i th\u00ebn\u00eb Lulzim Bash\u00ebs q\u00eb t\u00eb nd\u00ebrtoj\u00eb bunker ku t\u00eb doj\u00eb, por ama t\u00eb liroj\u00eb sht\u00ebpin\u00eb e demokrat\u00ebve. N\u00eb nj\u00eb intervist\u00eb p\u00ebr Ora News, tha se Edi Rama [&hellip;]<\/p>\n","protected":false},"author":2031,"featured_media":229800,"comment_status":"closed","ping_status":"closed","sticky":false,"template":"","format":"standard","meta":{"footnotes":""},"categories":[364,231],"tags":[],"class_list":{"0":"post-229799","1":"post","2":"type-post","3":"status-publish","4":"format-standard","5":"has-post-thumbnail","7":"category-koment-opinion","8":"category-lajme"},"_links":{"self":[{"href":"https:\/\/zjarr.tv\/en\/wp-json\/wp\/v2\/posts\/229799","targetHints":{"allow":["GET"]}}],"collection":[{"href":"https:\/\/zjarr.tv\/en\/wp-json\/wp\/v2\/posts"}],"about":[{"href":"https:\/\/zjarr.tv\/en\/wp-json\/wp\/v2\/types\/post"}],"author":[{"embeddable":true,"href":"https:\/\/zjarr.tv\/en\/wp-json\/wp\/v2\/users\/2031"}],"replies":[{"embeddable":true,"href":"https:\/\/zjarr.tv\/en\/wp-json\/wp\/v2\/comments?post=229799"}],"version-history":[{"count":0,"href":"https:\/\/zjarr.tv\/en\/wp-json\/wp\/v2\/posts\/229799\/revisions"}],"wp:featuredmedia":[{"embeddable":true,"href":"https:\/\/zjarr.tv\/en\/wp-json\/wp\/v2\/media\/229800"}],"wp:attachment":[{"href":"https:\/\/zjarr.tv\/en\/wp-json\/wp\/v2\/media?parent=229799"}],"wp:term":[{"taxonomy":"category","embeddable":true,"href":"https:\/\/zjarr.tv\/en\/wp-json\/wp\/v2\/categories?post=229799"},{"taxonomy":"post_tag","embeddable":true,"href":"https:\/\/zjarr.tv\/en\/wp-json\/wp\/v2\/tags?post=229799"}],"curies":[{"name":"wp","href":"https:\/\/api.w.org\/{rel}","templated":true}]}}