{"id":229803,"date":"2022-01-11T21:03:44","date_gmt":"2022-01-11T20:03:44","guid":{"rendered":"https:\/\/zjarr.tv\/?p=229803"},"modified":"2022-01-11T21:03:44","modified_gmt":"2022-01-11T20:03:44","slug":"emrifoto-ne-kulmin-e-akuzave-per-bashkeqeverisje-basha-rama-kryeministri-takon-deputetin-e-pd-se","status":"publish","type":"post","link":"https:\/\/zjarr.tv\/en\/emrifoto-ne-kulmin-e-akuzave-per-bashkeqeverisje-basha-rama-kryeministri-takon-deputetin-e-pd-se\/","title":{"rendered":"EMRI+FOTO\/ N\u00eb kulmin e akuzave p\u00ebr \u2018bashk\u00ebqeverisje\u2019 Basha-Rama, Kryeministri takon deputetin e PD-s\u00eb"},"content":{"rendered":"<p>Fax News ka siguruar foto ekskluzive t\u00eb Deputetit t\u00eb Partis\u00eb Demokratike, Arbi Agalliu n\u00eb nj\u00eb takim me Kryeministrin Edi Rama n\u00eb Vlor\u00eb, rreth dy jav\u00eb m\u00eb par\u00eb.<\/p>\n<p>Ky takim mes tyre ndodh n\u00eb nj\u00eb moment kur situata n\u00eb Partin\u00eb Demokratike \u00ebsht\u00eb tep\u00ebr e v\u00ebshtir\u00eb p\u00ebrshkak t\u00eb p\u00ebrplasjes p\u00ebr kreun e partis\u00eb mes Bash\u00ebs dhe Berish\u00ebs.<\/p>\n<p>Ky i fundit e akuzon Bash\u00ebn si peng t\u00eb Edi Ram\u00ebs dhe thot\u00eb se ka plan p\u00ebr t\u00eb bashk\u00ebqeverisur me Kryeministrin Rama, gj\u00eb t\u00eb cil\u00ebn Berisha premton se nuk do ta lejoj\u00eb.<\/p>\n<p><img loading=\"lazy\" decoding=\"async\" src=\"https:\/\/zjarr.tv\/wp-content\/uploads\/2022\/01\/Untitled-design-10-1-300x169.jpg\" alt=\"\" width=\"300\" height=\"169\" class=\"alignnone size-medium wp-image-229805\" srcset=\"https:\/\/zjarr.tv\/wp-content\/uploads\/2022\/01\/Untitled-design-10-1-300x169.jpg 300w, https:\/\/zjarr.tv\/wp-content\/uploads\/2022\/01\/Untitled-design-10-1-1024x576.jpg 1024w, https:\/\/zjarr.tv\/wp-content\/uploads\/2022\/01\/Untitled-design-10-1-768x432.jpg 768w, https:\/\/zjarr.tv\/wp-content\/uploads\/2022\/01\/Untitled-design-10-1-1536x864.jpg 1536w, https:\/\/zjarr.tv\/wp-content\/uploads\/2022\/01\/Untitled-design-10-1-696x392.jpg 696w, https:\/\/zjarr.tv\/wp-content\/uploads\/2022\/01\/Untitled-design-10-1-1068x601.jpg 1068w, https:\/\/zjarr.tv\/wp-content\/uploads\/2022\/01\/Untitled-design-10-1-747x420.jpg 747w, https:\/\/zjarr.tv\/wp-content\/uploads\/2022\/01\/Untitled-design-10-1.jpg 1920w\" sizes=\"auto, (max-width: 300px) 100vw, 300px\" \/><\/p>","protected":false},"excerpt":{"rendered":"<p>Fax News ka siguruar foto ekskluzive t\u00eb Deputetit t\u00eb Partis\u00eb Demokratike, Arbi Agalliu n\u00eb nj\u00eb takim me Kryeministrin Edi Rama n\u00eb Vlor\u00eb, rreth dy jav\u00eb m\u00eb par\u00eb. Ky takim mes tyre ndodh n\u00eb nj\u00eb moment kur situata n\u00eb Partin\u00eb Demokratike \u00ebsht\u00eb tep\u00ebr e v\u00ebshtir\u00eb p\u00ebrshkak t\u00eb p\u00ebrplasjes p\u00ebr kreun e partis\u00eb mes Bash\u00ebs dhe Berish\u00ebs. [&hellip;]<\/p>\n","protected":false},"author":2031,"featured_media":229804,"comment_status":"closed","ping_status":"closed","sticky":false,"template":"","format":"standard","meta":{"footnotes":""},"categories":[231],"tags":[],"class_list":{"0":"post-229803","1":"post","2":"type-post","3":"status-publish","4":"format-standard","5":"has-post-thumbnail","7":"category-lajme"},"_links":{"self":[{"href":"https:\/\/zjarr.tv\/en\/wp-json\/wp\/v2\/posts\/229803","targetHints":{"allow":["GET"]}}],"collection":[{"href":"https:\/\/zjarr.tv\/en\/wp-json\/wp\/v2\/posts"}],"about":[{"href":"https:\/\/zjarr.tv\/en\/wp-json\/wp\/v2\/types\/post"}],"author":[{"embeddable":true,"href":"https:\/\/zjarr.tv\/en\/wp-json\/wp\/v2\/users\/2031"}],"replies":[{"embeddable":true,"href":"https:\/\/zjarr.tv\/en\/wp-json\/wp\/v2\/comments?post=229803"}],"version-history":[{"count":0,"href":"https:\/\/zjarr.tv\/en\/wp-json\/wp\/v2\/posts\/229803\/revisions"}],"wp:featuredmedia":[{"embeddable":true,"href":"https:\/\/zjarr.tv\/en\/wp-json\/wp\/v2\/media\/229804"}],"wp:attachment":[{"href":"https:\/\/zjarr.tv\/en\/wp-json\/wp\/v2\/media?parent=229803"}],"wp:term":[{"taxonomy":"category","embeddable":true,"href":"https:\/\/zjarr.tv\/en\/wp-json\/wp\/v2\/categories?post=229803"},{"taxonomy":"post_tag","embeddable":true,"href":"https:\/\/zjarr.tv\/en\/wp-json\/wp\/v2\/tags?post=229803"}],"curies":[{"name":"wp","href":"https:\/\/api.w.org\/{rel}","templated":true}]}}