{"id":231889,"date":"2022-01-23T15:40:50","date_gmt":"2022-01-23T14:40:50","guid":{"rendered":"https:\/\/zjarr.tv\/?p=231889"},"modified":"2022-01-23T15:40:50","modified_gmt":"2022-01-23T14:40:50","slug":"veliaj-kerkoi-hetim-nderkombetar-duka-kryetarit-te-bashkis-i-duket-vetja-sherlok-holms","status":"publish","type":"post","link":"https:\/\/zjarr.tv\/en\/veliaj-kerkoi-hetim-nderkombetar-duka-kryetarit-te-bashkis-i-duket-vetja-sherlok-holms\/","title":{"rendered":"Veliaj k\u00ebrkoi hetim nd\u00ebrkomb\u00ebtar, Duka: Kryetarit t\u00eb Bashkis i duket vetja Sherlok Holms"},"content":{"rendered":"<p>Erion Veliajt \u2018po i fut hund\u00ebt\u2019 p\u00ebrs\u00ebri n\u00eb futboll e k\u00ebt\u00eb her\u00eb n\u00eb zgjedhjet p\u00ebr kreun e Federat\u00ebs Shqiptare t\u00eb Futbollit. Veliaj po shfaqet m\u00eb i zjarrt\u00eb se n\u00eb fushat\u00ebn zgjedhore t\u00eb fundit, kur k\u00ebrkonte vota p\u00ebr mazhoranc\u00ebn socialiste.<\/p>\n<p>Erion Veliaj i cili drejton Bashkin\u00eb e Tiran\u00ebs, q\u00eb n\u00eb cil\u00ebsin\u00eb e aksionerit t\u00eb Klubit t\u00eb Futbollit, p\u00ebrcolli paraditen e sotme nj\u00eb lajm t\u00eb gatsh\u00ebm n\u00eb media, ku shkruante se do t\u00eb k\u00ebrkonte hetim komb\u00ebtar dhe nd\u00ebrkomb\u00ebtar p\u00ebr Armando Duk\u00ebn n\u00eb FSHF. P\u00ebrjashtimi i Kasos nga KQZ, Komisioni i Rithemelimit: Akt i ri armiq\u00ebsor nga dyshja Rama-Brava<\/p>\n<p>&nbsp;<\/p>\n<p>Veliaj thoshte n\u00eb lajmin e shp\u00ebrndar\u00eb t\u00eb gatsh\u00ebm se \u2018kishte angazhuara nj\u00eb skuad\u00ebr jurist\u00ebsh shqiptar\u00eb, amerikan\u00eb dhe britanik\u00eb po asistojn\u00eb aksionerin e Tiran\u00ebs n\u00eb nj\u00eb dosje voluminoze shkeljesh, p\u00ebr t\u2019ia prezantuar FBI, DEA, NCA, Scotland Yard, SPAK, Prokuroris\u00eb s\u00eb Tiran\u00ebs, Krimit Ekonomik, Agjencis\u00eb s\u00eb Pastrimit t\u00eb Parave, AMA, Hetimit Tatimor, AKU, si dhe ambasadave Amerikane e Britanike n\u00eb Tiran\u00eb\u2019. Pas k\u00ebtij lajmi t\u00eb gatsh\u00ebm nga zyra e Veliaj, ka reaguar Federata Shqiptare e Futbollit, q\u00eb e cil\u00ebson k\u00ebt\u00eb lajm si nj\u00eb let\u00ebr qesharake dhe flet\u00ebrrufe.<\/p>\n<p><strong>Reagimi i Federat\u00ebs Shqiptare t\u00eb Futbollit:<\/strong><\/p>\n<p>Po i drejtohemi sot komunitetit t\u00eb futbollit dhe opinionin pas letr\u00ebs qesharake t\u00eb shp\u00ebrndar\u00eb nga Bashkia Tiran\u00eb n\u00eb media p\u00ebr nj\u00eb hetim nd\u00ebrkomb\u00ebtar e galaktik ndaj Presidentit t\u00eb Federat\u00ebs Shqiptare t\u00eb Futbollit. N\u00eb at\u00eb flet\u00ebrrufe jan\u00eb formuluar akuza delirante t\u00eb denja p\u00ebr hetuesin\u00eb e koh\u00ebs s\u00eb diktatur\u00ebs ku dhe drejt\u00ebsia vepronte me urdhra politik.<\/p>\n<p>Kjo balon\u00eb tymuese e l\u00ebshuar dit\u00ebn e sotme, nj\u00eb dit\u00eb para zgjedhjeve p\u00ebr Shoqat\u00ebn Rajonale t\u00eb Futbollit Tiran\u00eb, \u00ebsht\u00eb nj\u00eb k\u00ebrc\u00ebnim p\u00ebr an\u00ebtar\u00ebt tan\u00eb dhe procesin zgjedhor q\u00eb do t\u00eb zhvillohet dit\u00ebn e nes\u00ebrme. Ne duam t\u00eb garantojm\u00eb kandidat\u00ebt, an\u00ebtar\u00ebt tan\u00eb, si edhe t\u00eb gjith\u00eb pretendent\u00ebt p\u00ebr kandidat se ofrojm\u00eb dhe garantojm\u00eb t\u00eb gjitha kushtet p\u00ebr nj\u00eb gar\u00eb t\u00eb ndershme, t\u00eb past\u00ebr dhe mund\u00ebsin\u00eb p\u00ebr t\u00eb zgjedhur t\u00eb lir\u00eb nga ndikimi politik dhe kriminal. Pas tentativave t\u00eb vazhdueshme t\u00eb d\u00ebshtuara p\u00ebr t\u00eb intimiduar, shantazhuar dhe k\u00ebrc\u00ebnuar an\u00ebtar\u00ebt tan\u00eb dhe pasi vrapuan t\u00eb dalin n\u00eb foto me viktim\u00ebn q\u00eb sapo e kishin k\u00ebrc\u00ebnuar duke d\u00ebshtuar publikisht, sot Bashkia Tiran\u00ebs doli hapur n\u00eb p\u00ebrfshirjen e saj n\u00eb k\u00ebt\u00eb proces zgjedhor q\u00eb i takon ekskluzivisht vet\u00ebm komunitetit t\u00eb futbollit.<\/p>\n<p>N\u00ebse deri pak or\u00eb m\u00eb par\u00eb sulmonte p\u00ebr investime t\u00eb munguara n\u00eb infrastruktur\u00ebn futbollistike t\u00eb kryeqytetit, pas diskretitimit me fakte publike sot kryetari komun\u00ebs q\u00eb ndihet Superman dhe Sherlok Holms, n\u00eb delirin e pushtetit u shfaq si Kryeminist\u00ebr, Prokuror i P\u00ebrgjithsh\u00ebm, Drejtor i P\u00ebrgjithsh\u00ebm i Policis\u00eb, shef i Sh\u00ebrbimit Informativ Komb\u00ebtar, President i UEFA-s apo FIFA-s. Natyrsh\u00ebm lind pyetja: n\u00ebse ka indicie, t\u00eb dh\u00ebna, prova p\u00ebr kandidat\u00ebt p\u00ebr gar\u00ebn n\u00eb FSHF pse nuk i d\u00ebrgon n\u00eb organet ligjzbatuese por ndjek teknik\u00ebn e shantazhit publik. Pse k\u00ebto indicie, prova apo t\u00eb dh\u00ebna ja ka fshehur drejt\u00ebsis\u00eb duke kryer nj\u00eb vep\u00ebr penale?<\/p>","protected":false},"excerpt":{"rendered":"<p>Erion Veliajt \u2018po i fut hund\u00ebt\u2019 p\u00ebrs\u00ebri n\u00eb futboll e k\u00ebt\u00eb her\u00eb n\u00eb zgjedhjet p\u00ebr kreun e Federat\u00ebs Shqiptare t\u00eb Futbollit. Veliaj po shfaqet m\u00eb i zjarrt\u00eb se n\u00eb fushat\u00ebn zgjedhore t\u00eb fundit, kur k\u00ebrkonte vota p\u00ebr mazhoranc\u00ebn socialiste. Erion Veliaj i cili drejton Bashkin\u00eb e Tiran\u00ebs, q\u00eb n\u00eb cil\u00ebsin\u00eb e aksionerit t\u00eb Klubit t\u00eb [&hellip;]<\/p>\n","protected":false},"author":2020,"featured_media":231890,"comment_status":"closed","ping_status":"closed","sticky":false,"template":"","format":"standard","meta":{"footnotes":""},"categories":[241,5380,231],"tags":[],"class_list":{"0":"post-231889","1":"post","2":"type-post","3":"status-publish","4":"format-standard","5":"has-post-thumbnail","7":"category-aktualitet","8":"category-kryesore","9":"category-lajme"},"_links":{"self":[{"href":"https:\/\/zjarr.tv\/en\/wp-json\/wp\/v2\/posts\/231889","targetHints":{"allow":["GET"]}}],"collection":[{"href":"https:\/\/zjarr.tv\/en\/wp-json\/wp\/v2\/posts"}],"about":[{"href":"https:\/\/zjarr.tv\/en\/wp-json\/wp\/v2\/types\/post"}],"author":[{"embeddable":true,"href":"https:\/\/zjarr.tv\/en\/wp-json\/wp\/v2\/users\/2020"}],"replies":[{"embeddable":true,"href":"https:\/\/zjarr.tv\/en\/wp-json\/wp\/v2\/comments?post=231889"}],"version-history":[{"count":0,"href":"https:\/\/zjarr.tv\/en\/wp-json\/wp\/v2\/posts\/231889\/revisions"}],"wp:featuredmedia":[{"embeddable":true,"href":"https:\/\/zjarr.tv\/en\/wp-json\/wp\/v2\/media\/231890"}],"wp:attachment":[{"href":"https:\/\/zjarr.tv\/en\/wp-json\/wp\/v2\/media?parent=231889"}],"wp:term":[{"taxonomy":"category","embeddable":true,"href":"https:\/\/zjarr.tv\/en\/wp-json\/wp\/v2\/categories?post=231889"},{"taxonomy":"post_tag","embeddable":true,"href":"https:\/\/zjarr.tv\/en\/wp-json\/wp\/v2\/tags?post=231889"}],"curies":[{"name":"wp","href":"https:\/\/api.w.org\/{rel}","templated":true}]}}