{"id":231925,"date":"2022-01-23T17:16:50","date_gmt":"2022-01-23T16:16:50","guid":{"rendered":"https:\/\/zjarr.tv\/?p=231925"},"modified":"2022-01-23T17:16:50","modified_gmt":"2022-01-23T16:16:50","slug":"paloka-pranoi-manipulimin-e-votave-per-tu-bere-basha-kryetar-kadilli-i-revoltuar-te-largohet-menjehere","status":"publish","type":"post","link":"https:\/\/zjarr.tv\/en\/paloka-pranoi-manipulimin-e-votave-per-tu-bere-basha-kryetar-kadilli-i-revoltuar-te-largohet-menjehere\/","title":{"rendered":"Paloka pranoi manipulimin e votave p\u00ebr tu b\u00ebr\u00eb Basha kryetar\/ Kadilli i revoltuar: T\u00eb largohet menj\u00ebher\u00eb"},"content":{"rendered":"<p>An\u00ebtari i Komisionit t\u00eb Rithemelimit dhe deputeti i PD Edi Paloka pranoi dit\u00ebn e djeshme se Lulzim Basha u b\u00eb kryetar partie p\u00ebrmes votave t\u00eb manipuluara. Lidhur me k\u00ebt\u00eb deklarat\u00eb, ka ardhur nj\u00eb reagim i ashp\u00ebr nga Fatbardh Kadilli, i cili gjithashtu ka qen\u00eb kandidat p\u00ebr kryetar t\u00eb PD.<\/p>\n<p>P\u00ebrmes nj\u00eb postimi n\u00eb rrjetin social Facebook Kadilli shkruan se nuk do t\u00eb komentoj\u00eb faktin se ai \u00ebsht\u00eb viktim\u00eb e atyre zgjedhjeve, por k\u00ebrkon q\u00eb Lulzim Basha dhe elita drejtuese e PD duhet t\u00eb largohet dhe t\u00eb krijohet nj\u00eb nj\u00eb administrat\u00eb partiake profesioniste, e paanshme n\u00eb organizimin e zgjedhjeve t\u00eb brendshme.<\/p>\n<p>\u201cTre propozime prej nj\u00eb rr\u00ebfimi. Edi Paloka u shfaq i penduar dje duke pranuar q\u00eb kishte punuar p\u00ebr vjedhjen e votave p\u00ebr t\u00eb rizgjedhur Lulzim Bash\u00ebn si kryetar t\u00eb partis\u00eb. Nuk dua t\u00eb komentoj nisur nga fakti q\u00eb un\u00eb jam viktim\u00eb direkte e vjedhjes s\u00eb votave n\u00eb PD. Nuk komentoj as rr\u00ebfimin e k\u00ebtij m\u00ebkati t\u00eb pafalsh\u00ebm t\u00eb Palok\u00ebs.<\/p>\n<p>Dua t\u00eb ngre tre k\u00ebrkesa q\u00eb n\u00ebn drit\u00ebn e deklarat\u00ebs s\u00eb Palok\u00ebs jan\u00eb m\u00eb t\u00eb domosdoshme se kurr\u00eb p\u00ebr t\u00eb ardhmen e PD-s\u00eb:<\/p>\n<p>1-Lulzim Basha duhet t\u00eb jap\u00eb dor\u00ebheqjen duke mund\u00ebsuar q\u00eb n\u00eb PD t\u00eb ket\u00eb gar\u00eb p\u00ebr kryetarin. Vet\u00ebm fakti q\u00eb solli Paloka \u00ebsht\u00eb n\u00eb vetvete detyrim q\u00eb Basha t\u00eb jap\u00eb menj\u00ebher\u00eb dor\u00ebheqjen.<\/p>\n<p>2-PD duhet t\u00eb ndryshoj\u00eb rr\u00ebnj\u00ebsisht m\u00ebnyr\u00ebn si administrohet: duhet t\u00eb krijohet nj\u00eb administrat\u00eb partiake profesioniste, e paanshme n\u00eb organizimin dhe administrimin e t\u00eb gjitha aktiviteteve partiake p\u00ebrfshi zgjedhjet e brendshme.<\/p>\n<p>3-PD ka nevoj\u00eb t\u00eb nd\u00ebrroj\u00eb urgjentisht jo vet\u00ebm kryetarin, por edhe elit\u00ebn e saj drejtuese. Shum\u00eb drejtues t\u00eb lart\u00eb, si mes atyre q\u00eb mb\u00ebshtesin Bash\u00ebn edhe atyre q\u00eb mb\u00ebshtesin Berish\u00ebn, jan\u00eb komprementuar r\u00ebnd\u00eb dhe nuk mund t\u00eb jen\u00eb pjes\u00eb e drejtimit t\u00eb PD-s\u00eb n\u00eb t\u00eb ardhmen.<\/p>\n<p>N\u00ebse k\u00ebto tre k\u00ebrkesa do t\u00eb plot\u00ebsohen, ato do sjellin edhe nj\u00eb rezultat jetik p\u00ebr t\u00eb ardhmen: unifikimin e PD-s\u00eb me nj\u00eb kryetar dhe ekip t\u00eb ri drejtues dhe nj\u00eb vizion t\u00eb ri p\u00ebr t\u00eb ardhmen\u201c, shkruan Kadilli.<\/p>","protected":false},"excerpt":{"rendered":"<p>An\u00ebtari i Komisionit t\u00eb Rithemelimit dhe deputeti i PD Edi Paloka pranoi dit\u00ebn e djeshme se Lulzim Basha u b\u00eb kryetar partie p\u00ebrmes votave t\u00eb manipuluara. Lidhur me k\u00ebt\u00eb deklarat\u00eb, ka ardhur nj\u00eb reagim i ashp\u00ebr nga Fatbardh Kadilli, i cili gjithashtu ka qen\u00eb kandidat p\u00ebr kryetar t\u00eb PD. P\u00ebrmes nj\u00eb postimi n\u00eb rrjetin social [&hellip;]<\/p>\n","protected":false},"author":2030,"featured_media":231926,"comment_status":"closed","ping_status":"closed","sticky":false,"template":"","format":"standard","meta":{"footnotes":""},"categories":[241,231,1454],"tags":[],"class_list":{"0":"post-231925","1":"post","2":"type-post","3":"status-publish","4":"format-standard","5":"has-post-thumbnail","7":"category-aktualitet","8":"category-lajme","9":"category-politike"},"_links":{"self":[{"href":"https:\/\/zjarr.tv\/en\/wp-json\/wp\/v2\/posts\/231925","targetHints":{"allow":["GET"]}}],"collection":[{"href":"https:\/\/zjarr.tv\/en\/wp-json\/wp\/v2\/posts"}],"about":[{"href":"https:\/\/zjarr.tv\/en\/wp-json\/wp\/v2\/types\/post"}],"author":[{"embeddable":true,"href":"https:\/\/zjarr.tv\/en\/wp-json\/wp\/v2\/users\/2030"}],"replies":[{"embeddable":true,"href":"https:\/\/zjarr.tv\/en\/wp-json\/wp\/v2\/comments?post=231925"}],"version-history":[{"count":0,"href":"https:\/\/zjarr.tv\/en\/wp-json\/wp\/v2\/posts\/231925\/revisions"}],"wp:featuredmedia":[{"embeddable":true,"href":"https:\/\/zjarr.tv\/en\/wp-json\/wp\/v2\/media\/231926"}],"wp:attachment":[{"href":"https:\/\/zjarr.tv\/en\/wp-json\/wp\/v2\/media?parent=231925"}],"wp:term":[{"taxonomy":"category","embeddable":true,"href":"https:\/\/zjarr.tv\/en\/wp-json\/wp\/v2\/categories?post=231925"},{"taxonomy":"post_tag","embeddable":true,"href":"https:\/\/zjarr.tv\/en\/wp-json\/wp\/v2\/tags?post=231925"}],"curies":[{"name":"wp","href":"https:\/\/api.w.org\/{rel}","templated":true}]}}