{"id":231928,"date":"2022-01-23T17:21:45","date_gmt":"2022-01-23T16:21:45","guid":{"rendered":"https:\/\/zjarr.tv\/?p=231928"},"modified":"2022-01-23T17:21:45","modified_gmt":"2022-01-23T16:21:45","slug":"paloka-plas-skandalin-manipuluam-votat-qe-te-behej-basha-kryetar","status":"publish","type":"post","link":"https:\/\/zjarr.tv\/en\/paloka-plas-skandalin-manipuluam-votat-qe-te-behej-basha-kryetar\/","title":{"rendered":"Paloka plas skandalin\/ Manipuluam votat q\u00eb t\u00eb b\u00ebhej Basha kryetar"},"content":{"rendered":"<p>An\u00ebtari i Koisionit t\u00eb Rithemelimit dhe deputeti i PD Edi Paloka ka b\u00ebr\u00eb nj\u00eb deklarat\u00eb t\u00eb fort\u00eb sa i takon zgjedhjes s\u00eb Lulzim Bash\u00ebs si kryetar i selis\u00eb blu. N\u00eb nj\u00eb intervist\u00eb p\u00ebr media, Paloka u shpreh se ai \u00ebsht\u00eb p\u00ebrgjegj\u00ebs p\u00ebr situat\u00ebn n\u00eb PD, pasi u ka k\u00ebrkuar strukturave q\u00eb t\u00eb manipulojn\u00eb votat p\u00ebr Bash\u00ebn.<\/p>\n<p>Kjo \u00ebsht\u00eb edhe arsyeja q\u00eb Paloka nuk \u00ebsht\u00eb angazhuar m\u00eb shum\u00eb me punimet e Komisionit, pasi vet\u00eb ai theksoi se nuk u del dot para demokrat\u00ebve.<\/p>\n<p>\u201cM\u00eb vjen zor\u00eb t\u00eb shkoj dhe t\u00eb p\u00ebrballem me demokrat\u00ebt pasi do m\u00eb thon\u00eb, ti po na thua tani p\u00ebr Bash\u00ebn, kur m\u00eb par\u00eb na the t\u00eb manipulonim votat p\u00ebr t\u00eb?<\/p>\n<p>E kan\u00eb b\u00ebr\u00eb t\u00eb gjitha strukturat e PD-s\u00eb Nisida dhe prandaj nuk mund t\u00eb angazhohem m\u00eb shum\u00eb me Komisionin e Rithemelimit. Jam p\u00ebrgjegj\u00ebs i k\u00ebsaj situate t\u00eb r\u00ebnd\u00eb q\u00eb ndodhet PD-ja\u201d, tha ai.<\/p>","protected":false},"excerpt":{"rendered":"<p>An\u00ebtari i Koisionit t\u00eb Rithemelimit dhe deputeti i PD Edi Paloka ka b\u00ebr\u00eb nj\u00eb deklarat\u00eb t\u00eb fort\u00eb sa i takon zgjedhjes s\u00eb Lulzim Bash\u00ebs si kryetar i selis\u00eb blu. N\u00eb nj\u00eb intervist\u00eb p\u00ebr media, Paloka u shpreh se ai \u00ebsht\u00eb p\u00ebrgjegj\u00ebs p\u00ebr situat\u00ebn n\u00eb PD, pasi u ka k\u00ebrkuar strukturave q\u00eb t\u00eb manipulojn\u00eb votat p\u00ebr [&hellip;]<\/p>\n","protected":false},"author":2030,"featured_media":231929,"comment_status":"closed","ping_status":"closed","sticky":false,"template":"","format":"standard","meta":{"footnotes":""},"categories":[241,231,1454],"tags":[],"class_list":{"0":"post-231928","1":"post","2":"type-post","3":"status-publish","4":"format-standard","5":"has-post-thumbnail","7":"category-aktualitet","8":"category-lajme","9":"category-politike"},"_links":{"self":[{"href":"https:\/\/zjarr.tv\/en\/wp-json\/wp\/v2\/posts\/231928","targetHints":{"allow":["GET"]}}],"collection":[{"href":"https:\/\/zjarr.tv\/en\/wp-json\/wp\/v2\/posts"}],"about":[{"href":"https:\/\/zjarr.tv\/en\/wp-json\/wp\/v2\/types\/post"}],"author":[{"embeddable":true,"href":"https:\/\/zjarr.tv\/en\/wp-json\/wp\/v2\/users\/2030"}],"replies":[{"embeddable":true,"href":"https:\/\/zjarr.tv\/en\/wp-json\/wp\/v2\/comments?post=231928"}],"version-history":[{"count":0,"href":"https:\/\/zjarr.tv\/en\/wp-json\/wp\/v2\/posts\/231928\/revisions"}],"wp:featuredmedia":[{"embeddable":true,"href":"https:\/\/zjarr.tv\/en\/wp-json\/wp\/v2\/media\/231929"}],"wp:attachment":[{"href":"https:\/\/zjarr.tv\/en\/wp-json\/wp\/v2\/media?parent=231928"}],"wp:term":[{"taxonomy":"category","embeddable":true,"href":"https:\/\/zjarr.tv\/en\/wp-json\/wp\/v2\/categories?post=231928"},{"taxonomy":"post_tag","embeddable":true,"href":"https:\/\/zjarr.tv\/en\/wp-json\/wp\/v2\/tags?post=231928"}],"curies":[{"name":"wp","href":"https:\/\/api.w.org\/{rel}","templated":true}]}}