{"id":231934,"date":"2022-01-23T17:30:04","date_gmt":"2022-01-23T16:30:04","guid":{"rendered":"https:\/\/zjarr.tv\/?p=231934"},"modified":"2022-01-23T17:30:04","modified_gmt":"2022-01-23T16:30:04","slug":"unioni-i-gazetareve-per-ndarjen-nga-jeta-te-gazetarit-te-tropojes-do-te-kujtohet-gjithmone-me-nderime-i-paharruar-do-mbetesh-miku-yne-ilir","status":"publish","type":"post","link":"https:\/\/zjarr.tv\/en\/unioni-i-gazetareve-per-ndarjen-nga-jeta-te-gazetarit-te-tropojes-do-te-kujtohet-gjithmone-me-nderime-i-paharruar-do-mbetesh-miku-yne-ilir\/","title":{"rendered":"Unioni i Gazetar\u00ebve p\u00ebr ndarjen nga jeta t\u00eb gazetarit t\u00eb Tropoj\u00ebs: Do t\u00eb kujtohet gjithmon\u00eb me nderime, i paharruar do mbetesh miku yn\u00eb Ilir!"},"content":{"rendered":"<p>Unioni i Gazetar\u00ebve ka reaguar p\u00ebr ndarjen nga jeta t\u00eb reporterit dhe operatorit t\u00eb njohur t\u00eb Tropoj\u00ebs, Ilir Bu\u00e7papaj. P\u00ebrmes nj\u00eb postimi n\u00eb rrjetet sociale Unioni i Gazetar\u00ebve u shpreh ngush\u00ebllime familjar\u00ebve t\u00eb s\u00eb ndjerit dhe ndon\u00ebse prej vitesh jetonte jasht\u00eb Shqip\u00ebris\u00eb, gjithmon\u00eb do t\u00eb kujtohet me nderim p\u00ebr kontrubutin dhe pun\u00ebn e palodhur q\u00eb ka b\u00ebr\u00eb nd\u00ebr vite p\u00ebr t\u00eb informuar shqiptar\u00ebt.<\/p>\n<p>Postimi\u00a0 i plot\u00eb:<\/p>\n<p>Lamtumir\u00eb kolegu yn\u00eb Ilir Bu\u00e7papaj!<\/p>\n<p>Tiran\u00eb m\u00eb 23.01.2022<\/p>\n<p>Unioni i Gazetar\u00ebve Shqiptar\u00eb ndan dhimbjen e p\u00ebrbashk\u00ebt p\u00ebr humbjen sot, t\u00eb\u00a0 kolegut t\u00eb mir\u00eb, reporterit dhe operatorit t\u00eb njohur t\u00eb Tropoj\u00ebs,\u00a0 Ilir Bu\u00e7papa. Prej disa vitesh kolegu yn\u00eb banonte n\u00eb Amerik\u00eb, duke qen\u00eb fizikisht larg Atdheut, por Tropoja, miqt\u00eb e tij t\u00eb shumt\u00eb, koleg\u00ebt e vjet\u00ebr dhe t\u00eb rinj, do ta kujtojn\u00eb me nderim p\u00ebr kontributin dhe pun\u00ebn e palodhur, p\u00ebr mir\u00ebsin\u00eb njer\u00ebzore, dashurin\u00eb dhe paepjen p\u00ebr t\u00eb raportuar nd\u00ebr vite p\u00ebr rajonet e veriut t\u00eb vendit dhe p\u00ebr hap\u00ebsir\u00ebn shqiptare. Iliri ndau nj\u00eb p\u00ebrvoj\u00eb raportuese t\u00eb gjat\u00eb n\u00eb vite, p\u00ebr disa media, mes t\u00eb cilave edhe p\u00ebr median audiovizive publike t\u00eb Shqip\u00ebris\u00eb.<\/p>\n<p>Unioni i Gazetar\u00ebve Shqiptar\u00eb i shpreh familjes Bu\u00e7papaj ngush\u00ebllime p\u00ebr humbjen e paz\u00ebvend\u00ebsueshme! I paharruar do t\u00eb mbetesh kolegu dhe miku yn\u00eb Ilir! U prehsh n\u00eb paqe! Zyra Informuese<\/p>\n<p>Unioni i Gazetar\u00ebve Shqiptar\u00eb<\/p>","protected":false},"excerpt":{"rendered":"<p>Unioni i Gazetar\u00ebve ka reaguar p\u00ebr ndarjen nga jeta t\u00eb reporterit dhe operatorit t\u00eb njohur t\u00eb Tropoj\u00ebs, Ilir Bu\u00e7papaj. P\u00ebrmes nj\u00eb postimi n\u00eb rrjetet sociale Unioni i Gazetar\u00ebve u shpreh ngush\u00ebllime familjar\u00ebve t\u00eb s\u00eb ndjerit dhe ndon\u00ebse prej vitesh jetonte jasht\u00eb Shqip\u00ebris\u00eb, gjithmon\u00eb do t\u00eb kujtohet me nderim p\u00ebr kontrubutin dhe pun\u00ebn e palodhur q\u00eb [&hellip;]<\/p>\n","protected":false},"author":2030,"featured_media":231935,"comment_status":"closed","ping_status":"closed","sticky":false,"template":"","format":"standard","meta":{"footnotes":""},"categories":[241,231],"tags":[],"class_list":{"0":"post-231934","1":"post","2":"type-post","3":"status-publish","4":"format-standard","5":"has-post-thumbnail","7":"category-aktualitet","8":"category-lajme"},"_links":{"self":[{"href":"https:\/\/zjarr.tv\/en\/wp-json\/wp\/v2\/posts\/231934","targetHints":{"allow":["GET"]}}],"collection":[{"href":"https:\/\/zjarr.tv\/en\/wp-json\/wp\/v2\/posts"}],"about":[{"href":"https:\/\/zjarr.tv\/en\/wp-json\/wp\/v2\/types\/post"}],"author":[{"embeddable":true,"href":"https:\/\/zjarr.tv\/en\/wp-json\/wp\/v2\/users\/2030"}],"replies":[{"embeddable":true,"href":"https:\/\/zjarr.tv\/en\/wp-json\/wp\/v2\/comments?post=231934"}],"version-history":[{"count":0,"href":"https:\/\/zjarr.tv\/en\/wp-json\/wp\/v2\/posts\/231934\/revisions"}],"wp:featuredmedia":[{"embeddable":true,"href":"https:\/\/zjarr.tv\/en\/wp-json\/wp\/v2\/media\/231935"}],"wp:attachment":[{"href":"https:\/\/zjarr.tv\/en\/wp-json\/wp\/v2\/media?parent=231934"}],"wp:term":[{"taxonomy":"category","embeddable":true,"href":"https:\/\/zjarr.tv\/en\/wp-json\/wp\/v2\/categories?post=231934"},{"taxonomy":"post_tag","embeddable":true,"href":"https:\/\/zjarr.tv\/en\/wp-json\/wp\/v2\/tags?post=231934"}],"curies":[{"name":"wp","href":"https:\/\/api.w.org\/{rel}","templated":true}]}}