{"id":231962,"date":"2022-01-24T08:01:29","date_gmt":"2022-01-24T07:01:29","guid":{"rendered":"https:\/\/zjarr.tv\/?p=231962"},"modified":"2022-01-24T08:01:29","modified_gmt":"2022-01-24T07:01:29","slug":"42-vjecari-nga-tepelena-po-transportonte-dru-per-tu-ngrohur-procedohet-nga-policia","status":"publish","type":"post","link":"https:\/\/zjarr.tv\/en\/42-vjecari-nga-tepelena-po-transportonte-dru-per-tu-ngrohur-procedohet-nga-policia\/","title":{"rendered":"42-vje\u00e7ari nga Tepelena po transportonte dru p\u00ebr t\u2019u ngrohur, procedohet nga policia"},"content":{"rendered":"<p>Nje 42-vje\u00e7ar, \u00ebsht\u00eb proceduar nga uniformat blu, p\u00ebr shkak se \u00ebsht\u00eb kapur n\u00eb hyrje t\u00eb qytetit t\u00eb Tepelen\u00ebs, n\u00eb vendin e quajtur \u201cTuneli\u201d, duke transportuar nj\u00eb sasi l\u00ebnde drusore.<\/p>\n<p>\u201cSuper-aksioni\u201d i policis\u00eb \u00ebsht\u00eb b\u00ebr\u00eb me dije nga vet\u00eb policia, nd\u00ebrsa burri me iniciale K.B. ka p\u00ebrfunduar n\u00eb komisariat.<\/p>\n<p>Vlen t\u00eb theksohet se mjeti me t\u00eb cilin 42-vje\u00e7ari, transportonte l\u00ebnd\u00ebn drusore nuk \u00ebsht\u00eb p\u00ebrcaktuar nga policia, gj\u00eb q\u00eb ngre dyshime se sasia q\u00eb qytetari ka marr\u00eb ka qen\u00eb mjaft e vog\u00ebl.<\/p>\n<p>Njoftimi i policise:<\/p>\n<p>Specialist\u00ebt e Seksionit t\u00eb Hetimit t\u00eb Krimeve n\u00eb Komisariatin e Policis\u00eb Tepelen\u00eb referuan materialet n\u00eb Prokurorin\u00eb pran\u00eb Gjykat\u00ebs s\u00eb Shkall\u00ebs s\u00eb Par\u00eb Gjirokast\u00ebr, p\u00ebr shtetasin K. B., 42 vje\u00e7, banues n\u00eb fshatin Mamaj, Tepelen\u00eb, pasi n\u00eb vendin e quajtur \u201cTuneli\u201d, n\u00eb hyrje t\u00eb qytetit t\u00eb Tepelen\u00ebs, \u00ebsht\u00eb kapur duke transportuar nj\u00eb sasi l\u00ebnde drusore, pa dokumentacion. Materialet i kaluan Prokuroris\u00eb, p\u00ebr veprime t\u00eb m\u00ebtejshme.<\/p>","protected":false},"excerpt":{"rendered":"<p>Nje 42-vje\u00e7ar, \u00ebsht\u00eb proceduar nga uniformat blu, p\u00ebr shkak se \u00ebsht\u00eb kapur n\u00eb hyrje t\u00eb qytetit t\u00eb Tepelen\u00ebs, n\u00eb vendin e quajtur \u201cTuneli\u201d, duke transportuar nj\u00eb sasi l\u00ebnde drusore. \u201cSuper-aksioni\u201d i policis\u00eb \u00ebsht\u00eb b\u00ebr\u00eb me dije nga vet\u00eb policia, nd\u00ebrsa burri me iniciale K.B. ka p\u00ebrfunduar n\u00eb komisariat. Vlen t\u00eb theksohet se mjeti me t\u00eb [&hellip;]<\/p>\n","protected":false},"author":2030,"featured_media":231963,"comment_status":"closed","ping_status":"closed","sticky":false,"template":"","format":"standard","meta":{"footnotes":""},"categories":[241,231],"tags":[],"class_list":{"0":"post-231962","1":"post","2":"type-post","3":"status-publish","4":"format-standard","5":"has-post-thumbnail","7":"category-aktualitet","8":"category-lajme"},"_links":{"self":[{"href":"https:\/\/zjarr.tv\/en\/wp-json\/wp\/v2\/posts\/231962","targetHints":{"allow":["GET"]}}],"collection":[{"href":"https:\/\/zjarr.tv\/en\/wp-json\/wp\/v2\/posts"}],"about":[{"href":"https:\/\/zjarr.tv\/en\/wp-json\/wp\/v2\/types\/post"}],"author":[{"embeddable":true,"href":"https:\/\/zjarr.tv\/en\/wp-json\/wp\/v2\/users\/2030"}],"replies":[{"embeddable":true,"href":"https:\/\/zjarr.tv\/en\/wp-json\/wp\/v2\/comments?post=231962"}],"version-history":[{"count":0,"href":"https:\/\/zjarr.tv\/en\/wp-json\/wp\/v2\/posts\/231962\/revisions"}],"wp:featuredmedia":[{"embeddable":true,"href":"https:\/\/zjarr.tv\/en\/wp-json\/wp\/v2\/media\/231963"}],"wp:attachment":[{"href":"https:\/\/zjarr.tv\/en\/wp-json\/wp\/v2\/media?parent=231962"}],"wp:term":[{"taxonomy":"category","embeddable":true,"href":"https:\/\/zjarr.tv\/en\/wp-json\/wp\/v2\/categories?post=231962"},{"taxonomy":"post_tag","embeddable":true,"href":"https:\/\/zjarr.tv\/en\/wp-json\/wp\/v2\/tags?post=231962"}],"curies":[{"name":"wp","href":"https:\/\/api.w.org\/{rel}","templated":true}]}}