{"id":231965,"date":"2022-01-24T08:17:46","date_gmt":"2022-01-24T07:17:46","guid":{"rendered":"https:\/\/zjarr.tv\/?p=231965"},"modified":"2022-01-24T08:17:46","modified_gmt":"2022-01-24T07:17:46","slug":"rama-eshte-lojtar-i-papare-shahu-luljeta-bozo-deputete-petri-bozo-flet-per-ftesen-e-kryeministrit-levizje-e-zgjuar","status":"publish","type":"post","link":"https:\/\/zjarr.tv\/en\/rama-eshte-lojtar-i-papare-shahu-luljeta-bozo-deputete-petri-bozo-flet-per-ftesen-e-kryeministrit-levizje-e-zgjuar\/","title":{"rendered":"\u201cRama \u00ebsht\u00eb lojtar i papar\u00eb shahu\u201d, Luljeta Bozo deputete, Petri Bozo flet p\u00ebr ftes\u00ebn e kryeministrit: L\u00ebvizje e zgjuar!"},"content":{"rendered":"<p>Producenti dhe regjisori i njohur Petri Bozo \u00ebsht\u00eb suprizuar nga e \u00ebma, inxhinjerja dhe deputetja Luljeta Bozo, p\u00ebrmes nj\u00eb video-mesazhi. Gjat\u00eb intervist\u00ebs gazetari e pyeti at\u00eb se si e priti ftes\u00ebn e kryeministrit Edi Rama q\u00eb e \u00ebma t\u00eb ishte pjes\u00eb e Partis\u00eb Socialiste.<\/p>\n<p>\u201cMu duk pak habi pastaj mu duk l\u00ebvizje shum\u00eb e zgjuar e nj\u00eb lojtari shahu t\u00eb papar\u00eb si\u00e7 \u00ebsht\u00eb Rama. Sa i p\u00ebrket komenteve n\u00eb rrjet, le t\u00eb reagojn\u00eb. Nuk i ndalon dot. E kemi m\u00eb t\u00eb leht\u00eb t\u2019a paragjykojm\u00eb tjetrin se sa t\u2019a vler\u00ebsojm\u00eb. Me k\u00ebt\u00eb jemi rrahur me vaj e uthull dhe s\u2019na b\u00ebn p\u00ebrshtypje. Dyshimi ishte tek ime m\u00eb por n\u00eb munges\u00ebn e babit, pasi kan\u00eb qen\u00eb t\u00eb lidhur, e quajti nj\u00eb lajkmotiv m\u00eb shum\u00eb p\u00ebr t\u00eb kontribuar p\u00ebr shoq\u00ebrin\u00eb dhe p\u00ebr t\u2019i dh\u00ebn\u00eb shoq\u00ebris\u00eb. Ne nuk na pushtonte telefoni pas t\u00ebrmetit dhe mami nuk p\u00ebrtonte t\u00eb shkonte n\u00eb \u00e7do studio\u201d, \u00a0u shpreh ai.<\/p>\n<p>Nd\u00ebr t\u00eb tjera ai rr\u00ebfeu marr\u00ebdh\u00ebniet q\u00eb ka me Ram\u00ebn dhe se me kryeministrin vite m\u00eb par\u00eb kan\u00eb qen\u00eb n\u00eb nj\u00eb fakultet.\u201cShum\u00eb mire. Sot \u00ebsht\u00eb tjet\u00ebr pozicion ai. Ne jemi tipa q\u00eb duhet t\u2019i varemi n\u00eb qaf dikujt se pun\u00ebn e kemi ngritur me djers\u00ebn ton\u00eb. K\u00ebshtu q\u00eb e ruajm\u00eb si nj\u00eb raport qe sa her\u00eb jemi p\u00ebrball\u00eb njeri-tjetrit, salutohemi me mall dhe kaq\u201d, shtoi ai gjat\u00eb nj\u00eb interviste p\u00ebr emisionin \u201cExpuls\u201d.<\/p>","protected":false},"excerpt":{"rendered":"<p>Producenti dhe regjisori i njohur Petri Bozo \u00ebsht\u00eb suprizuar nga e \u00ebma, inxhinjerja dhe deputetja Luljeta Bozo, p\u00ebrmes nj\u00eb video-mesazhi. Gjat\u00eb intervist\u00ebs gazetari e pyeti at\u00eb se si e priti ftes\u00ebn e kryeministrit Edi Rama q\u00eb e \u00ebma t\u00eb ishte pjes\u00eb e Partis\u00eb Socialiste. \u201cMu duk pak habi pastaj mu duk l\u00ebvizje shum\u00eb e zgjuar [&hellip;]<\/p>\n","protected":false},"author":2030,"featured_media":231967,"comment_status":"closed","ping_status":"closed","sticky":false,"template":"","format":"standard","meta":{"footnotes":""},"categories":[241,3366,231],"tags":[],"class_list":{"0":"post-231965","1":"post","2":"type-post","3":"status-publish","4":"format-standard","5":"has-post-thumbnail","7":"category-aktualitet","8":"category-koment","9":"category-lajme"},"_links":{"self":[{"href":"https:\/\/zjarr.tv\/en\/wp-json\/wp\/v2\/posts\/231965","targetHints":{"allow":["GET"]}}],"collection":[{"href":"https:\/\/zjarr.tv\/en\/wp-json\/wp\/v2\/posts"}],"about":[{"href":"https:\/\/zjarr.tv\/en\/wp-json\/wp\/v2\/types\/post"}],"author":[{"embeddable":true,"href":"https:\/\/zjarr.tv\/en\/wp-json\/wp\/v2\/users\/2030"}],"replies":[{"embeddable":true,"href":"https:\/\/zjarr.tv\/en\/wp-json\/wp\/v2\/comments?post=231965"}],"version-history":[{"count":0,"href":"https:\/\/zjarr.tv\/en\/wp-json\/wp\/v2\/posts\/231965\/revisions"}],"wp:featuredmedia":[{"embeddable":true,"href":"https:\/\/zjarr.tv\/en\/wp-json\/wp\/v2\/media\/231967"}],"wp:attachment":[{"href":"https:\/\/zjarr.tv\/en\/wp-json\/wp\/v2\/media?parent=231965"}],"wp:term":[{"taxonomy":"category","embeddable":true,"href":"https:\/\/zjarr.tv\/en\/wp-json\/wp\/v2\/categories?post=231965"},{"taxonomy":"post_tag","embeddable":true,"href":"https:\/\/zjarr.tv\/en\/wp-json\/wp\/v2\/tags?post=231965"}],"curies":[{"name":"wp","href":"https:\/\/api.w.org\/{rel}","templated":true}]}}