{"id":231969,"date":"2022-01-24T08:33:34","date_gmt":"2022-01-24T07:33:34","guid":{"rendered":"https:\/\/zjarr.tv\/?p=231969"},"modified":"2022-01-24T08:33:34","modified_gmt":"2022-01-24T07:33:34","slug":"ndahet-nga-jeta-aktori-i-njohur-i-humorit-arben-shaka","status":"publish","type":"post","link":"https:\/\/zjarr.tv\/en\/ndahet-nga-jeta-aktori-i-njohur-i-humorit-arben-shaka\/","title":{"rendered":"Ndahet nga jeta aktori i njohur i humorit Arben Shaka"},"content":{"rendered":"<p>\u00cbsht\u00eb ndar\u00eb nga jeta n\u00eb mosh\u00ebn 70-vje\u00e7are aktori i njohur i humorit shqiptar, Arben Shaka. Lajmin e kan\u00eb ndar\u00eb n\u00eb rrjetet sociale f\u00ebmij\u00ebt e tij.<\/p>\n<p>\u201cMe dhimbje ne zemer njoftojme ndarjen nga jeta te babait tone te dashur \u00a0ARBEN SHAKA<\/p>\n<p>Qofsh i parajses zemra Jon!!Nuk do te te harrojme kurre!!Femijet\u201d, shkruajn\u00eb pasardh\u00ebsit e tij.<\/p>\n<p><img loading=\"lazy\" decoding=\"async\" class=\"alignnone size-medium wp-image-231971\" src=\"https:\/\/zjarr.tv\/wp-content\/uploads\/2022\/01\/6451CDCA-D5DF-4026-84FF-D89B81F64FB8-163x300.jpeg\" alt=\"\" width=\"163\" height=\"300\" srcset=\"https:\/\/zjarr.tv\/wp-content\/uploads\/2022\/01\/6451CDCA-D5DF-4026-84FF-D89B81F64FB8-163x300.jpeg 163w, https:\/\/zjarr.tv\/wp-content\/uploads\/2022\/01\/6451CDCA-D5DF-4026-84FF-D89B81F64FB8-228x420.jpeg 228w, https:\/\/zjarr.tv\/wp-content\/uploads\/2022\/01\/6451CDCA-D5DF-4026-84FF-D89B81F64FB8.jpeg 520w\" sizes=\"auto, (max-width: 163px) 100vw, 163px\" \/><\/p>","protected":false},"excerpt":{"rendered":"<p>\u00cbsht\u00eb ndar\u00eb nga jeta n\u00eb mosh\u00ebn 70-vje\u00e7are aktori i njohur i humorit shqiptar, Arben Shaka. Lajmin e kan\u00eb ndar\u00eb n\u00eb rrjetet sociale f\u00ebmij\u00ebt e tij. \u201cMe dhimbje ne zemer njoftojme ndarjen nga jeta te babait tone te dashur \u00a0ARBEN SHAKA Qofsh i parajses zemra Jon!!Nuk do te te harrojme kurre!!Femijet\u201d, shkruajn\u00eb pasardh\u00ebsit e tij.<\/p>","protected":false},"author":2030,"featured_media":231972,"comment_status":"closed","ping_status":"closed","sticky":false,"template":"","format":"standard","meta":{"footnotes":""},"categories":[241,5380,231],"tags":[],"class_list":{"0":"post-231969","1":"post","2":"type-post","3":"status-publish","4":"format-standard","5":"has-post-thumbnail","7":"category-aktualitet","8":"category-kryesore","9":"category-lajme"},"_links":{"self":[{"href":"https:\/\/zjarr.tv\/en\/wp-json\/wp\/v2\/posts\/231969","targetHints":{"allow":["GET"]}}],"collection":[{"href":"https:\/\/zjarr.tv\/en\/wp-json\/wp\/v2\/posts"}],"about":[{"href":"https:\/\/zjarr.tv\/en\/wp-json\/wp\/v2\/types\/post"}],"author":[{"embeddable":true,"href":"https:\/\/zjarr.tv\/en\/wp-json\/wp\/v2\/users\/2030"}],"replies":[{"embeddable":true,"href":"https:\/\/zjarr.tv\/en\/wp-json\/wp\/v2\/comments?post=231969"}],"version-history":[{"count":0,"href":"https:\/\/zjarr.tv\/en\/wp-json\/wp\/v2\/posts\/231969\/revisions"}],"wp:featuredmedia":[{"embeddable":true,"href":"https:\/\/zjarr.tv\/en\/wp-json\/wp\/v2\/media\/231972"}],"wp:attachment":[{"href":"https:\/\/zjarr.tv\/en\/wp-json\/wp\/v2\/media?parent=231969"}],"wp:term":[{"taxonomy":"category","embeddable":true,"href":"https:\/\/zjarr.tv\/en\/wp-json\/wp\/v2\/categories?post=231969"},{"taxonomy":"post_tag","embeddable":true,"href":"https:\/\/zjarr.tv\/en\/wp-json\/wp\/v2\/tags?post=231969"}],"curies":[{"name":"wp","href":"https:\/\/api.w.org\/{rel}","templated":true}]}}