{"id":231974,"date":"2022-01-24T08:54:08","date_gmt":"2022-01-24T07:54:08","guid":{"rendered":"https:\/\/zjarr.tv\/?p=231974"},"modified":"2022-01-24T08:55:53","modified_gmt":"2022-01-24T07:55:53","slug":"temperatura-ne-nivele-ekstreme-haki-cako-tregon-si-paraqitet-situata-ne-vend","status":"publish","type":"post","link":"https:\/\/zjarr.tv\/en\/temperatura-ne-nivele-ekstreme-haki-cako-tregon-si-paraqitet-situata-ne-vend\/","title":{"rendered":"Temperatura n\u00eb nivele ekstreme, Haki \u00c7ako tregon si paraqitet situata n\u00eb vend"},"content":{"rendered":"<p>Kreu i Emergjencave Civile, Haki \u00c7ako i ftuar nj\u00eb bised\u00eb televizive, ka treguar se si paraqitet situata e krijuar p\u00ebr shkak t\u00eb kushteve atmosferike n\u00eb vendin ton\u00eb. \u00c7ako \u00ebsht\u00eb shprehur se rrug\u00ebt nacionale jan\u00eb t\u00eb hapura, nd\u00ebrsa rrug\u00ebt e nd\u00ebrmjetme jan\u00eb t\u00eb aksesueshme me zinxhir\u00eb.<\/p>\n<p>Haki \u00c7ako: Temperaturat kan\u00eb zbritur n\u00eb nivelet ekstreme minus, n\u00eb Qaf\u00eb Thore, n\u00eb Theth \u00ebsht\u00eb regjistruar temperatura ekstreme -18 grad\u00eb, sikurse edhe n\u00eb zonat e thella t\u00eb Kalas\u00eb s\u00eb Dod\u00ebs dhe pjes\u00eb t\u00eb tjera t\u00eb qarkut t\u00eb Dibr\u00ebs. Situata \u00ebsht\u00eb normale pavar\u00ebsisht v\u00ebshtir\u00ebsive q\u00eb kan\u00eb zonat e thella rurale. Rrug\u00ebt nacionale jan\u00eb t\u00eb hapura, nd\u00ebrsa rrug\u00ebt e nd\u00ebrmjetme jan\u00eb t\u00eb aksesueshme me zinxhir\u00eb. \u00cbsht\u00eb e domosdoshme q\u00eb drejtuesit e automjeteve t\u00eb mos l\u00ebvizin me goma t\u00eb pap\u00ebrshtatshme.<\/p>\n<p>Ai tha se t\u00eb gjitha strukturat jan\u00eb n\u00eb gatishm\u00ebri p\u00ebr t\u2019i ardhur n\u00eb ndihm\u00eb kqytetar\u00ebve p\u00ebr \u00e7do nevoj\u00eb q\u00eb kan\u00eb.<br \/>\nHaki \u00c7ako: Jemi n\u00eb gatishm\u00ebri t\u00eb plot\u00eb n\u00eb t\u00eb gjitha strukturat dhe institucionet p\u00ebr t\u2019i ardhur n\u00eb ndihm\u00eb \u00e7do nevoje q\u00eb kan\u00eb qytetar\u00ebt, qoft\u00eb p\u00ebr t\u00eb mund\u00ebsuar sh\u00ebrbimet sh\u00ebndet\u00ebsore, apo sh\u00ebrbimet e tjera. Ne i b\u00ebjm\u00eb thirrje qytetar\u00ebve q\u00eb t\u2019i adresojn\u00eb problemet dhe nevojat e tyre, p\u00ebr \u00e7do problematik\u00eb q\u00eb do t\u00eb ken\u00eb.<\/p>\n<p>Nd\u00ebr t\u00eb tjera ai tha se n\u00eb disa zona ka probleme me energjin\u00eb elektrike.<br \/>\nHaki \u00c7ako: Jan\u00eb disa zona t\u00eb thella q\u00eb p\u00ebr shkak t\u00eb temperaturave ekstreme kan\u00eb krijuar probleme n\u00eb energjin\u00eb elektrike, ku mund t\u00eb p\u00ebrmendim zon\u00ebs s\u00eb kalas\u00eb s\u00eb Dod\u00ebs, apo nj\u00eb pjes\u00eb t\u00eb fshatrave t\u00eb tjera t\u00eb Librazhdit. Jan\u00eb marr\u00eb masat p\u00ebr t\u00eb gjitha zonat q\u00eb kan\u00eb nevoj\u00eb.<\/p>\n<p>Agjencia Komb\u00ebtare e Mbrojtjes Civile \u00ebsht\u00eb institucion q\u00eb b\u00ebn koordinimin, bashk\u00ebpunimin, me prefekturat me bashkit\u00eb, me ministrit\u00eb, me forcat e armatosura, me policin\u00eb e shtetit, dhe t\u00eb gjith\u00eb strukturat q\u00eb jan\u00eb t\u00eb detyruara t\u00eb reagojn\u00eb n\u00eb koh\u00eb p\u00ebr t\u00eb zgjidhur \u00e7do problem. P\u00ebrsa i p\u00ebrket situat\u00ebs s\u00eb turizimit ai tha se ka pasus turist\u00eb, qoft\u00eb n\u00eb Theth apo n\u00eb zona t\u00eb tjera me prezenc\u00eb d\u00ebbore.<\/p>","protected":false},"excerpt":{"rendered":"<p>Kreu i Emergjencave Civile, Haki \u00c7ako i ftuar nj\u00eb bised\u00eb televizive, ka treguar se si paraqitet situata e krijuar p\u00ebr shkak t\u00eb kushteve atmosferike n\u00eb vendin ton\u00eb. \u00c7ako \u00ebsht\u00eb shprehur se rrug\u00ebt nacionale jan\u00eb t\u00eb hapura, nd\u00ebrsa rrug\u00ebt e nd\u00ebrmjetme jan\u00eb t\u00eb aksesueshme me zinxhir\u00eb. Haki \u00c7ako: Temperaturat kan\u00eb zbritur n\u00eb nivelet ekstreme minus, n\u00eb [&hellip;]<\/p>\n","protected":false},"author":2030,"featured_media":231975,"comment_status":"closed","ping_status":"closed","sticky":false,"template":"","format":"standard","meta":{"footnotes":""},"categories":[241,231],"tags":[],"class_list":{"0":"post-231974","1":"post","2":"type-post","3":"status-publish","4":"format-standard","5":"has-post-thumbnail","7":"category-aktualitet","8":"category-lajme"},"_links":{"self":[{"href":"https:\/\/zjarr.tv\/en\/wp-json\/wp\/v2\/posts\/231974","targetHints":{"allow":["GET"]}}],"collection":[{"href":"https:\/\/zjarr.tv\/en\/wp-json\/wp\/v2\/posts"}],"about":[{"href":"https:\/\/zjarr.tv\/en\/wp-json\/wp\/v2\/types\/post"}],"author":[{"embeddable":true,"href":"https:\/\/zjarr.tv\/en\/wp-json\/wp\/v2\/users\/2030"}],"replies":[{"embeddable":true,"href":"https:\/\/zjarr.tv\/en\/wp-json\/wp\/v2\/comments?post=231974"}],"version-history":[{"count":0,"href":"https:\/\/zjarr.tv\/en\/wp-json\/wp\/v2\/posts\/231974\/revisions"}],"wp:featuredmedia":[{"embeddable":true,"href":"https:\/\/zjarr.tv\/en\/wp-json\/wp\/v2\/media\/231975"}],"wp:attachment":[{"href":"https:\/\/zjarr.tv\/en\/wp-json\/wp\/v2\/media?parent=231974"}],"wp:term":[{"taxonomy":"category","embeddable":true,"href":"https:\/\/zjarr.tv\/en\/wp-json\/wp\/v2\/categories?post=231974"},{"taxonomy":"post_tag","embeddable":true,"href":"https:\/\/zjarr.tv\/en\/wp-json\/wp\/v2\/tags?post=231974"}],"curies":[{"name":"wp","href":"https:\/\/api.w.org\/{rel}","templated":true}]}}