{"id":231978,"date":"2022-01-24T09:10:13","date_gmt":"2022-01-24T08:10:13","guid":{"rendered":"https:\/\/zjarr.tv\/?p=231978"},"modified":"2022-01-24T09:10:13","modified_gmt":"2022-01-24T08:10:13","slug":"kane-ngrene-buke-nga-lulja-petri-bozo-ime-me-ka-qene-e-famshme-me-gjithe-idiotet-ne-studio-media-u-kujtua-per-luljeta-bozon","status":"publish","type":"post","link":"https:\/\/zjarr.tv\/en\/kane-ngrene-buke-nga-lulja-petri-bozo-ime-me-ka-qene-e-famshme-me-gjithe-idiotet-ne-studio-media-u-kujtua-per-luljeta-bozon\/","title":{"rendered":"\u201cKan\u00eb ngr\u00ebn\u00eb buk\u00eb nga Lulja&#8230;\u201d, Petri Bozo: Ime m\u00eb ka qen\u00eb e famshme, me gjith\u00eb idiot\u00ebt n\u00eb studio, media u kujtua p\u00ebr Luljeta Bozon"},"content":{"rendered":"<p>Inxhinierja dhe deputetja Luljeta Bozo \u00ebsht\u00eb nj\u00eb nd\u00ebr figurat m\u00eb t\u00eb dashura p\u00ebr shqiptar\u00ebt. Dija dhe k\u00ebshillat e saj gjat\u00eb t\u00ebrmetit t\u00eb 2019-\u00ebs qet\u00ebsuan jo pak shqiptar\u00ebt.<\/p>\n<p>S\u00eb fundmi n\u00eb nj\u00eb intervist\u00eb p\u00ebr \u201cExpuls\u201d ka qen\u00eb djali i saj, regjisori dhe producenti i njohur Petri Bozo, i cili ka folur mbi projektet e reja duke mos l\u00ebn\u00eb anash as jet\u00ebn private.<\/p>\n<p>Gjat\u00eb intervist\u00ebs ai tha se e \u00ebma prej 50 vitesh \u00ebsht\u00eb nj\u00eb person mjaft i njohur nga grupi i inxhinjer\u00ebve t\u00eb cil\u00ebve u ka dh\u00ebn\u00eb m\u00ebsim, teksa theksoi se gjat\u00eb periudh\u00ebs s\u00eb t\u00ebrmeteve q\u00eb godit\u00ebn Shqip\u00ebrin\u00eb, me t\u00eb gjith\u00eb \u201cidiot\u00ebt\u201dq\u00eb qarkullonin n\u00ebp\u00ebr studiot tona televizive ajo u ftua q\u00eb shqiptar\u00ebt t\u00eb kuptonin se \u00e7far\u00eb po ndodhte.<\/p>\n<p>\u201cIme m\u00eb ishte e famshme se gjith\u00eb grupimi inxhinjerik i nd\u00ebrtimit e cila i ka dh\u00ebn\u00eb prej 50 vitesh leksione e dinin kush ishte ime m\u00eb. Problemi \u00ebsht\u00eb q\u00eb u amplifikua, n\u00ebp\u00ebrmjet koleg\u00ebve tan\u00eb t\u00eb mediave, t\u00eb cil\u00ebt kan\u00eb ngr\u00ebn\u00eb buk\u00eb nga Lulja dikur n\u00eb sht\u00ebpin\u00eb ton\u00eb, u kujtuan se me t\u00eb gjith\u00eb idjot\u00ebt q\u00eb rrotulloheshin n\u00ebp\u00ebr studio than\u00eb t\u00eb sjellim nj\u00eb njeri t\u00eb sakt\u00eb q\u00eb t\u00eb marrim vesh se p\u00ebr \u00e7far\u00eb b\u00ebhet fjal\u00eb\u201d, tha ai.<\/p>","protected":false},"excerpt":{"rendered":"<p>Inxhinierja dhe deputetja Luljeta Bozo \u00ebsht\u00eb nj\u00eb nd\u00ebr figurat m\u00eb t\u00eb dashura p\u00ebr shqiptar\u00ebt. Dija dhe k\u00ebshillat e saj gjat\u00eb t\u00ebrmetit t\u00eb 2019-\u00ebs qet\u00ebsuan jo pak shqiptar\u00ebt. S\u00eb fundmi n\u00eb nj\u00eb intervist\u00eb p\u00ebr \u201cExpuls\u201d ka qen\u00eb djali i saj, regjisori dhe producenti i njohur Petri Bozo, i cili ka folur mbi projektet e reja duke [&hellip;]<\/p>\n","protected":false},"author":2030,"featured_media":231979,"comment_status":"closed","ping_status":"closed","sticky":false,"template":"","format":"standard","meta":{"footnotes":""},"categories":[241,3366,231],"tags":[],"class_list":{"0":"post-231978","1":"post","2":"type-post","3":"status-publish","4":"format-standard","5":"has-post-thumbnail","7":"category-aktualitet","8":"category-koment","9":"category-lajme"},"_links":{"self":[{"href":"https:\/\/zjarr.tv\/en\/wp-json\/wp\/v2\/posts\/231978","targetHints":{"allow":["GET"]}}],"collection":[{"href":"https:\/\/zjarr.tv\/en\/wp-json\/wp\/v2\/posts"}],"about":[{"href":"https:\/\/zjarr.tv\/en\/wp-json\/wp\/v2\/types\/post"}],"author":[{"embeddable":true,"href":"https:\/\/zjarr.tv\/en\/wp-json\/wp\/v2\/users\/2030"}],"replies":[{"embeddable":true,"href":"https:\/\/zjarr.tv\/en\/wp-json\/wp\/v2\/comments?post=231978"}],"version-history":[{"count":0,"href":"https:\/\/zjarr.tv\/en\/wp-json\/wp\/v2\/posts\/231978\/revisions"}],"wp:featuredmedia":[{"embeddable":true,"href":"https:\/\/zjarr.tv\/en\/wp-json\/wp\/v2\/media\/231979"}],"wp:attachment":[{"href":"https:\/\/zjarr.tv\/en\/wp-json\/wp\/v2\/media?parent=231978"}],"wp:term":[{"taxonomy":"category","embeddable":true,"href":"https:\/\/zjarr.tv\/en\/wp-json\/wp\/v2\/categories?post=231978"},{"taxonomy":"post_tag","embeddable":true,"href":"https:\/\/zjarr.tv\/en\/wp-json\/wp\/v2\/tags?post=231978"}],"curies":[{"name":"wp","href":"https:\/\/api.w.org\/{rel}","templated":true}]}}