{"id":231982,"date":"2022-01-24T12:22:55","date_gmt":"2022-01-24T11:22:55","guid":{"rendered":"https:\/\/zjarr.tv\/?p=231982"},"modified":"2022-01-24T12:22:55","modified_gmt":"2022-01-24T11:22:55","slug":"kryeministri-i-inceneratoreve-derdelliti-prape-lsi-i-pergjigjet-rames-oferta-e-tij-per-6-marsin","status":"publish","type":"post","link":"https:\/\/zjarr.tv\/en\/kryeministri-i-inceneratoreve-derdelliti-prape-lsi-i-pergjigjet-rames-oferta-e-tij-per-6-marsin\/","title":{"rendered":"\u201cKryeministri i incenerator\u00ebve d\u00ebrd\u00eblliti prap\u00eb!\u201d, LSI i p\u00ebrgjigjet Ram\u00ebs: Oferta e tij p\u00ebr 6 marsin&#8230;"},"content":{"rendered":"<p>N\u00ebnkryetari i L\u00ebvizjes Socialiste p\u00ebr Integrim Petrit Vasili ka reaguar pas deklaratave t\u00eb kryeministrit Edi Rama, i cili n\u00eb mbledhjen e grupit parlamentar sulmoi opozit\u00ebn dhe presidentin Ilir Meta. <\/p>\n<p>\u201cOferta e Ram\u00ebs p\u00ebr 6 Marsin: Batak\u00e7ill\u00ebk, Hajdutll\u00ebk,Maskar\u00ebll\u00ebk.<\/p>\n<p>Kryeministri i incenerator\u00ebve d\u00ebrd\u00eblliti prap\u00eb!<\/p>\n<p>Kryeministri, q\u00eb i la vet\u00ebm pa u paguar asnj\u00eb lek shqiptuarve p\u00ebr pandemin\u00eb murmuriti prap\u00eb.<\/p>\n<p>Q\u00eb u prish sht\u00ebpit\u00eb qytetar\u00ebve pa ligj dhe i mbyt me gaz hung\u00ebriu prap\u00eb.<br \/>\nQ\u00eb mbyti Shqip\u00ebrin\u00eb me drog\u00eb, q\u00eb k\u00ebrkon edhe ta legalizoj\u00eb bro\u00e7kolliti prap\u00eb.<\/p>\n<p>Oferta e kryeministrit p\u00ebr shqiptar\u00ebt n\u00eb zgjedhjet e 6 marsit \u00ebsht\u00eb batakcill\u00ebk&#8221;, deklaron Vasili.<\/p>","protected":false},"excerpt":{"rendered":"<p>N\u00ebnkryetari i L\u00ebvizjes Socialiste p\u00ebr Integrim Petrit Vasili ka reaguar pas deklaratave t\u00eb kryeministrit Edi Rama, i cili n\u00eb mbledhjen e grupit parlamentar sulmoi opozit\u00ebn dhe presidentin Ilir Meta. \u201cOferta e Ram\u00ebs p\u00ebr 6 Marsin: Batak\u00e7ill\u00ebk, Hajdutll\u00ebk,Maskar\u00ebll\u00ebk. Kryeministri i incenerator\u00ebve d\u00ebrd\u00eblliti prap\u00eb! Kryeministri, q\u00eb i la vet\u00ebm pa u paguar asnj\u00eb lek shqiptuarve p\u00ebr pandemin\u00eb [&hellip;]<\/p>\n","protected":false},"author":2031,"featured_media":157470,"comment_status":"closed","ping_status":"closed","sticky":false,"template":"","format":"standard","meta":{"footnotes":""},"categories":[231],"tags":[],"class_list":{"0":"post-231982","1":"post","2":"type-post","3":"status-publish","4":"format-standard","5":"has-post-thumbnail","7":"category-lajme"},"_links":{"self":[{"href":"https:\/\/zjarr.tv\/en\/wp-json\/wp\/v2\/posts\/231982","targetHints":{"allow":["GET"]}}],"collection":[{"href":"https:\/\/zjarr.tv\/en\/wp-json\/wp\/v2\/posts"}],"about":[{"href":"https:\/\/zjarr.tv\/en\/wp-json\/wp\/v2\/types\/post"}],"author":[{"embeddable":true,"href":"https:\/\/zjarr.tv\/en\/wp-json\/wp\/v2\/users\/2031"}],"replies":[{"embeddable":true,"href":"https:\/\/zjarr.tv\/en\/wp-json\/wp\/v2\/comments?post=231982"}],"version-history":[{"count":0,"href":"https:\/\/zjarr.tv\/en\/wp-json\/wp\/v2\/posts\/231982\/revisions"}],"wp:featuredmedia":[{"embeddable":true,"href":"https:\/\/zjarr.tv\/en\/wp-json\/wp\/v2\/media\/157470"}],"wp:attachment":[{"href":"https:\/\/zjarr.tv\/en\/wp-json\/wp\/v2\/media?parent=231982"}],"wp:term":[{"taxonomy":"category","embeddable":true,"href":"https:\/\/zjarr.tv\/en\/wp-json\/wp\/v2\/categories?post=231982"},{"taxonomy":"post_tag","embeddable":true,"href":"https:\/\/zjarr.tv\/en\/wp-json\/wp\/v2\/tags?post=231982"}],"curies":[{"name":"wp","href":"https:\/\/api.w.org\/{rel}","templated":true}]}}