{"id":231985,"date":"2022-01-24T12:23:43","date_gmt":"2022-01-24T11:23:43","guid":{"rendered":"https:\/\/zjarr.tv\/?p=231985"},"modified":"2022-01-24T12:23:43","modified_gmt":"2022-01-24T11:23:43","slug":"flamur-noka-rrezon-lajmet-e-sajuara-asnje-negociate-me-lul-braven-per-kandidatet","status":"publish","type":"post","link":"https:\/\/zjarr.tv\/en\/flamur-noka-rrezon-lajmet-e-sajuara-asnje-negociate-me-lul-braven-per-kandidatet\/","title":{"rendered":"Flamur Noka rr\u00ebzon lajmet e sajuara: Asnj\u00eb negociat\u00eb me Lul Brav\u00ebn p\u00ebr kandidat\u00ebt"},"content":{"rendered":"<p>Prej or\u00ebsh n\u00eb media ka nisur t\u00eb qarkulloj\u00eb lajmi, se po tentohet konsensusi mes Komisionit t\u00eb Rithemelimit t\u00eb Partis\u00eb Demokratike dhe grupit t\u00eb Lulzim Bash\u00ebs p\u00ebr t\u00eb dal n\u00eb zgjedhjet e 6 marsit me kandidat\u00eb t\u00eb p\u00ebrbashk\u00ebt.<\/p>\n<p>Mediat kan\u00eb aluduar edhe p\u00ebr emra konkret si\u00e7 ai i Luan Hotit p\u00ebr Bashkin\u00eb e Durr\u00ebsit, e duke cituar burime nga grupi i Bash\u00ebs, mediat raportojn\u00eb se ky \u00ebsht\u00eb emri p\u00ebr t\u00eb cilin do t\u00eb negociohet<\/p>\n<p>Por duket se k\u00ebto lajme jan\u00eb t\u00ebr\u00ebsisht t\u00eb pav\u00ebrteta.<\/p>\n<p>SYRI TV kontaktoi me deputetin Flamur Noka, nj\u00eb prej an\u00ebtar\u00ebve t\u00eb Komisionit t\u00eb Rithemelimit, i cili u shpreh se nuk ka asnj\u00eb negociat\u00eb dhe asnj\u00eb bisedim me grupin e Lulzim Bash\u00ebs p\u00ebr kandidat\u00ebt n\u00eb zgjedhjet e 6 Marsit.<\/p>\n<p>\u2018Negocimi p\u00ebr kandidat\u00ebt me Lulzim Brav\u00ebn \u00ebsht\u00eb negociat\u00eb me Edi Ram\u00ebn. Partia Demokratike, Komisioni i Rithemelimit do t\u00eb dal me kandidat\u00eb n\u00eb t\u00eb 6 Bashkit\u00eb dhe nuk do t\u00eb ket\u00eb asnj\u00eb negociat\u00eb me Lulzim Bav\u00ebn\u2019\u2013 u shpreh nd\u00ebr t\u00eb tjera Flamur Noka p\u00ebr SYRI TV.<\/p>\n<p>Zgjedhjet e pjesshme lokale n\u00eb 6 bashki, LSI nis p\u00ebrgatitjet, Braimllari nxjerr udh\u00ebzimin. Ja \u00e7far\u00eb k\u00ebrkohet<\/p>","protected":false},"excerpt":{"rendered":"<p>Prej or\u00ebsh n\u00eb media ka nisur t\u00eb qarkulloj\u00eb lajmi, se po tentohet konsensusi mes Komisionit t\u00eb Rithemelimit t\u00eb Partis\u00eb Demokratike dhe grupit t\u00eb Lulzim Bash\u00ebs p\u00ebr t\u00eb dal n\u00eb zgjedhjet e 6 marsit me kandidat\u00eb t\u00eb p\u00ebrbashk\u00ebt. Mediat kan\u00eb aluduar edhe p\u00ebr emra konkret si\u00e7 ai i Luan Hotit p\u00ebr Bashkin\u00eb e Durr\u00ebsit, e duke [&hellip;]<\/p>\n","protected":false},"author":2031,"featured_media":168889,"comment_status":"closed","ping_status":"closed","sticky":false,"template":"","format":"standard","meta":{"footnotes":""},"categories":[231],"tags":[],"class_list":{"0":"post-231985","1":"post","2":"type-post","3":"status-publish","4":"format-standard","5":"has-post-thumbnail","7":"category-lajme"},"_links":{"self":[{"href":"https:\/\/zjarr.tv\/en\/wp-json\/wp\/v2\/posts\/231985","targetHints":{"allow":["GET"]}}],"collection":[{"href":"https:\/\/zjarr.tv\/en\/wp-json\/wp\/v2\/posts"}],"about":[{"href":"https:\/\/zjarr.tv\/en\/wp-json\/wp\/v2\/types\/post"}],"author":[{"embeddable":true,"href":"https:\/\/zjarr.tv\/en\/wp-json\/wp\/v2\/users\/2031"}],"replies":[{"embeddable":true,"href":"https:\/\/zjarr.tv\/en\/wp-json\/wp\/v2\/comments?post=231985"}],"version-history":[{"count":0,"href":"https:\/\/zjarr.tv\/en\/wp-json\/wp\/v2\/posts\/231985\/revisions"}],"wp:featuredmedia":[{"embeddable":true,"href":"https:\/\/zjarr.tv\/en\/wp-json\/wp\/v2\/media\/168889"}],"wp:attachment":[{"href":"https:\/\/zjarr.tv\/en\/wp-json\/wp\/v2\/media?parent=231985"}],"wp:term":[{"taxonomy":"category","embeddable":true,"href":"https:\/\/zjarr.tv\/en\/wp-json\/wp\/v2\/categories?post=231985"},{"taxonomy":"post_tag","embeddable":true,"href":"https:\/\/zjarr.tv\/en\/wp-json\/wp\/v2\/tags?post=231985"}],"curies":[{"name":"wp","href":"https:\/\/api.w.org\/{rel}","templated":true}]}}