{"id":232610,"date":"2022-01-26T18:55:18","date_gmt":"2022-01-26T17:55:18","guid":{"rendered":"https:\/\/zjarr.tv\/?p=232610"},"modified":"2022-01-26T18:55:18","modified_gmt":"2022-01-26T17:55:18","slug":"ardi-veliu-ne-rolin-e-zv-ministrit-prezanton-ne-kuvend-projektligjin-per-floren-e-faunen","status":"publish","type":"post","link":"https:\/\/zjarr.tv\/en\/ardi-veliu-ne-rolin-e-zv-ministrit-prezanton-ne-kuvend-projektligjin-per-floren-e-faunen\/","title":{"rendered":"Ardi Veliu n\u00eb rolin e zv. ministrit, prezanton n\u00eb Kuvend projektligjin p\u00ebr flor\u00ebn e faun\u00ebn"},"content":{"rendered":"<p>Ish-drejtori i P\u00ebrgjithsh\u00ebm i Policis\u00eb s\u00eb Shtetit, tani n\u00eb rolin e zv.ministrit t\u00eb Energjitik\u00ebs, Ardi Veliu, \u00ebsht\u00eb paraqitur k\u00ebt\u00eb t\u00eb m\u00ebrkur\u00eb n\u00eb Komisionin p\u00ebr Veprimtarit\u00eb Prodhuese. N\u00eb t\u00eb, \u00ebsht\u00eb prezantuar nj\u00eb projektligj q\u00eb synon mbrojtjen e flor\u00ebs dhe faun\u00ebs n\u00ebnujore.<\/p>\n<p>Veliu ka prezantuar n\u00eb komision projektligjin p\u00ebr aderminin e Shqip\u00ebris\u00eb n\u00eb konvent\u00ebn Anti-Fouling, q\u00eb ndalon p\u00ebrdorimin e l\u00ebnd\u00ebve helmuese p\u00ebr lyerjen e fundit t\u00eb anijeve, me q\u00ebllim shmangien e ngjitjes s\u00eb molusqeve dhe algave n\u00eb fundin e tyre<\/p>\n<p>Sipas z\u00ebvend\u00ebsministrit t\u00eb Infrastruktur\u00ebs, anijet do t\u00eb ndalohen t\u00eb p\u00ebrdorin l\u00ebdn\u00eb helmuese, pasi d\u00ebmtohet zinxhiri ushqimor i gjallesave detare.<\/p>\n<p>Deklarata e Veliut:<\/p>\n<p>\u201cProjektligji q\u00eb po paraqesim sot, ka si synim aderimin n\u00eb konvent\u00ebn nd\u00ebrkomb\u00ebtare p\u00ebr kontrollin e d\u00ebmit nga sistemet p\u00ebr mbrojtjen antivegjetative n\u00eb anije, ose si\u00e7 quhet ndryshe Anti-Fouling. Sistemet Anti-Fouling jan\u00eb materiale q\u00eb sh\u00ebrbejn\u00eb p\u00ebr t\u00eb lyer fundin e anijeve me q\u00ebllim parandalimin e ngjitjes s\u00eb gjallesave bimore, si alga dhe molusqe, t\u00eb cilat si pasoj\u00eb ndikojn\u00eb n\u00eb uljen e shpejt\u00ebsis\u00eb s\u00eb anijeve, rritjen e konsumit dhe ndotjen e ajrit.<\/p>\n<p>N\u00eb periudhat e hershme anijet p\u00ebr t\u00eb mos lejuar ngjitjen e gjallesave n\u00eb pjes\u00ebn e poshtme t\u00eb tyre kan\u00eb p\u00ebrdorur l\u00ebnd\u00eb helmuese si arseniku apo l\u00ebnd\u00eb t\u00eb tjera t\u00eb cilat p\u00ebrve\u00e7 molusqeve dhe algave d\u00ebmtonin dhe mjedisin n\u00ebnujor duke ndikuar negativisht n\u00eb zinxhirin ushqimor t\u00eb gjallesave gjallesat detare apo te biodiversiteti.<\/p>\n<p>Duke patur n\u00eb v\u00ebmendje rrezikun organizata detare IMO ka nxitur k\u00ebrkimet p\u00ebr gjetjen e nj\u00eb sistemi q\u00eb nuk do t\u00eb lejonte ngjitjen e gjallesave n\u00eb fundin e anijeve dhe q\u00eb nuk do t\u00eb d\u00ebmtonte mjedisin\u201d, u shpreh Veliu.<\/p>","protected":false},"excerpt":{"rendered":"<p>Ish-drejtori i P\u00ebrgjithsh\u00ebm i Policis\u00eb s\u00eb Shtetit, tani n\u00eb rolin e zv.ministrit t\u00eb Energjitik\u00ebs, Ardi Veliu, \u00ebsht\u00eb paraqitur k\u00ebt\u00eb t\u00eb m\u00ebrkur\u00eb n\u00eb Komisionin p\u00ebr Veprimtarit\u00eb Prodhuese. N\u00eb t\u00eb, \u00ebsht\u00eb prezantuar nj\u00eb projektligj q\u00eb synon mbrojtjen e flor\u00ebs dhe faun\u00ebs n\u00ebnujore. Veliu ka prezantuar n\u00eb komision projektligjin p\u00ebr aderminin e Shqip\u00ebris\u00eb n\u00eb konvent\u00ebn Anti-Fouling, q\u00eb ndalon [&hellip;]<\/p>\n","protected":false},"author":2030,"featured_media":232611,"comment_status":"closed","ping_status":"closed","sticky":false,"template":"","format":"standard","meta":{"footnotes":""},"categories":[241,231],"tags":[],"class_list":{"0":"post-232610","1":"post","2":"type-post","3":"status-publish","4":"format-standard","5":"has-post-thumbnail","7":"category-aktualitet","8":"category-lajme"},"_links":{"self":[{"href":"https:\/\/zjarr.tv\/en\/wp-json\/wp\/v2\/posts\/232610","targetHints":{"allow":["GET"]}}],"collection":[{"href":"https:\/\/zjarr.tv\/en\/wp-json\/wp\/v2\/posts"}],"about":[{"href":"https:\/\/zjarr.tv\/en\/wp-json\/wp\/v2\/types\/post"}],"author":[{"embeddable":true,"href":"https:\/\/zjarr.tv\/en\/wp-json\/wp\/v2\/users\/2030"}],"replies":[{"embeddable":true,"href":"https:\/\/zjarr.tv\/en\/wp-json\/wp\/v2\/comments?post=232610"}],"version-history":[{"count":0,"href":"https:\/\/zjarr.tv\/en\/wp-json\/wp\/v2\/posts\/232610\/revisions"}],"wp:featuredmedia":[{"embeddable":true,"href":"https:\/\/zjarr.tv\/en\/wp-json\/wp\/v2\/media\/232611"}],"wp:attachment":[{"href":"https:\/\/zjarr.tv\/en\/wp-json\/wp\/v2\/media?parent=232610"}],"wp:term":[{"taxonomy":"category","embeddable":true,"href":"https:\/\/zjarr.tv\/en\/wp-json\/wp\/v2\/categories?post=232610"},{"taxonomy":"post_tag","embeddable":true,"href":"https:\/\/zjarr.tv\/en\/wp-json\/wp\/v2\/tags?post=232610"}],"curies":[{"name":"wp","href":"https:\/\/api.w.org\/{rel}","templated":true}]}}