{"id":232614,"date":"2022-01-26T18:56:38","date_gmt":"2022-01-26T17:56:38","guid":{"rendered":"https:\/\/zjarr.tv\/?p=232614"},"modified":"2022-01-26T18:56:38","modified_gmt":"2022-01-26T17:56:38","slug":"zgjodhen-te-ardhmen-jo-hallin-tend-bardhi-i-pergjigjet-berishes-sulmet-kunder-demokrateve-jane-te-padenja","status":"publish","type":"post","link":"https:\/\/zjarr.tv\/en\/zgjodhen-te-ardhmen-jo-hallin-tend-bardhi-i-pergjigjet-berishes-sulmet-kunder-demokrateve-jane-te-padenja\/","title":{"rendered":"\u201cZgjodh\u00ebn t\u00eb ardhmen, jo hallin t\u00ebnd\u201d, Bardhi i p\u00ebrgjigjet Berish\u00ebs: Sulmet kund\u00ebr demokrat\u00ebve jan\u00eb t\u00eb padenja"},"content":{"rendered":"<p>Sekretari i P\u00ebrgjithsh\u00ebm i PD Gazmend Bardhi i \u00ebsht\u00eb p\u00ebrgjigjur sulmeve t\u00eb ish-kryeministrit Sali Berisha, duke th\u00ebn\u00eb se deklaratat e tij kund\u00ebr demokrat\u00ebve jan\u00eb t\u00eb padenja.<\/p>\n<p>Bardhi thot\u00eb se asnj\u00eb mashtrim i Berish\u00ebs nuk ka ndryshuar dot faktin se demokrat\u00ebt kan\u00eb zgjedhur t\u00eb ardhmen, jo hallin e tij personal. Sipas tij Agron Kapllanaj \u00ebsht\u00eb nj\u00eb nga demokrat\u00ebt m\u00eb t\u00eb votuar dhe m\u00eb t\u00eb respektuar n\u00eb zon\u00ebn e Fierit, ndaj sulmohet nga Berisha.<\/p>\n<p>Reagimi i Gazment Bardhit:<\/p>\n<p>Sulmet e Sali Berish\u00ebs kund\u00ebr demokrat\u00ebve jan\u00eb t\u00eb padenja, por fatmir\u00ebsisht, t\u00eb pad\u00ebmshme. Ato mbeten mashtrime t\u00eb nj\u00eb politikani me karrier\u00eb t\u00eb mbaruar dhe t\u00eb mbyllur me turp! Agron Kapllanaj \u00ebsht\u00eb nj\u00eb nga demokrat\u00ebt m\u00eb t\u00eb votuar dhe m\u00eb t\u00eb respektuar n\u00eb zon\u00ebn e Fierit.<\/p>\n<p>Agron Kapllanaj ka zgjedhur PD dhe demokrat\u00ebt, prandaj sulmohet paturp\u00ebsisht nga Sali Berisha. Asnj\u00eb mashtrim i Sali Berish\u00ebs nuk e ndryshon dot faktin se demorkat\u00ebt kan\u00eb zgjedhur t\u00eb ardhmen, jo hallin e tij personal. Demokrat\u00ebt po e braktisin dita dit\u00ebs.<\/p>\n<p>Se me k\u00eb po i nd\u00ebrton pallatet Edi Rama dhe Erion Veliaj tek 5 Maji, Sali Berisha duhet t\u00eb pyes\u00eb familjar\u00ebt e tij. Kush \u00ebsht\u00eb miku trafikant droge n\u00eb Spanj\u00eb q\u00eb n\u00eb kund\u00ebrshtim me ligjin ka fituar tenderin e rind\u00ebrtimit nga Erjon Veliaj? Pse e fsheh Sali Berisha me mashtrime? E v\u00ebrteta q\u00eb do t\u00eb dal shum\u00eb shpejt\u00eb \u00ebsht\u00eb aq e dukshme, sa shpifjet e Sali Berish\u00ebs nuk e mbulojn\u00eb dot.<\/p>","protected":false},"excerpt":{"rendered":"<p>Sekretari i P\u00ebrgjithsh\u00ebm i PD Gazmend Bardhi i \u00ebsht\u00eb p\u00ebrgjigjur sulmeve t\u00eb ish-kryeministrit Sali Berisha, duke th\u00ebn\u00eb se deklaratat e tij kund\u00ebr demokrat\u00ebve jan\u00eb t\u00eb padenja. Bardhi thot\u00eb se asnj\u00eb mashtrim i Berish\u00ebs nuk ka ndryshuar dot faktin se demokrat\u00ebt kan\u00eb zgjedhur t\u00eb ardhmen, jo hallin e tij personal. Sipas tij Agron Kapllanaj \u00ebsht\u00eb nj\u00eb [&hellip;]<\/p>\n","protected":false},"author":2030,"featured_media":209857,"comment_status":"closed","ping_status":"closed","sticky":false,"template":"","format":"standard","meta":{"footnotes":""},"categories":[241,3366,231,1454],"tags":[],"class_list":{"0":"post-232614","1":"post","2":"type-post","3":"status-publish","4":"format-standard","5":"has-post-thumbnail","7":"category-aktualitet","8":"category-koment","9":"category-lajme","10":"category-politike"},"_links":{"self":[{"href":"https:\/\/zjarr.tv\/en\/wp-json\/wp\/v2\/posts\/232614","targetHints":{"allow":["GET"]}}],"collection":[{"href":"https:\/\/zjarr.tv\/en\/wp-json\/wp\/v2\/posts"}],"about":[{"href":"https:\/\/zjarr.tv\/en\/wp-json\/wp\/v2\/types\/post"}],"author":[{"embeddable":true,"href":"https:\/\/zjarr.tv\/en\/wp-json\/wp\/v2\/users\/2030"}],"replies":[{"embeddable":true,"href":"https:\/\/zjarr.tv\/en\/wp-json\/wp\/v2\/comments?post=232614"}],"version-history":[{"count":0,"href":"https:\/\/zjarr.tv\/en\/wp-json\/wp\/v2\/posts\/232614\/revisions"}],"wp:featuredmedia":[{"embeddable":true,"href":"https:\/\/zjarr.tv\/en\/wp-json\/wp\/v2\/media\/209857"}],"wp:attachment":[{"href":"https:\/\/zjarr.tv\/en\/wp-json\/wp\/v2\/media?parent=232614"}],"wp:term":[{"taxonomy":"category","embeddable":true,"href":"https:\/\/zjarr.tv\/en\/wp-json\/wp\/v2\/categories?post=232614"},{"taxonomy":"post_tag","embeddable":true,"href":"https:\/\/zjarr.tv\/en\/wp-json\/wp\/v2\/tags?post=232614"}],"curies":[{"name":"wp","href":"https:\/\/api.w.org\/{rel}","templated":true}]}}