{"id":232617,"date":"2022-01-26T19:03:24","date_gmt":"2022-01-26T18:03:24","guid":{"rendered":"https:\/\/zjarr.tv\/?p=232617"},"modified":"2022-01-26T19:03:24","modified_gmt":"2022-01-26T18:03:24","slug":"situata-e-trazuar-ne-partine-demokratike-publikohet-mesazhi-i-forte-i-fatos-nanos","status":"publish","type":"post","link":"https:\/\/zjarr.tv\/en\/situata-e-trazuar-ne-partine-demokratike-publikohet-mesazhi-i-forte-i-fatos-nanos\/","title":{"rendered":"Situata e trazuar n\u00eb Partin\u00eb Demokratike, publikohet mesazhi i fort\u00eb i Fatos Nanos"},"content":{"rendered":"<p>K\u00ebt\u00eb situat\u00eb t\u00eb trazuar n\u00eb Partin\u00eb Demokratike, ish-kryeministri Fatos Nano, e ka parashikuar q\u00eb n\u00eb zgjedhjet e 30 qershorit.<\/p>\n<p>Deklarata e Nanos:<\/p>\n<p>Kjo lloj opozite t\u00eb cil\u00ebn e njoh mir\u00eb, i \u00ebsht\u00eb b\u00ebr\u00eb penges\u00eb Shqip\u00ebris\u00eb. Duhet t\u00eb \u00e7lirojm\u00eb t\u00eb ardhmen prej saj. Opozita duhet t\u00eb votoj\u00eb kund\u00ebr lidershipit t\u00eb vet, p\u00ebr t\u00eb \u00e7liruar t\u00eb ardhmen e saj dhe p\u00ebr t\u2019u rikthyer si forc\u00eb konkurruese\u201d, tha asokohe Nano.<\/p>","protected":false},"excerpt":{"rendered":"<p>K\u00ebt\u00eb situat\u00eb t\u00eb trazuar n\u00eb Partin\u00eb Demokratike, ish-kryeministri Fatos Nano, e ka parashikuar q\u00eb n\u00eb zgjedhjet e 30 qershorit. Deklarata e Nanos: Kjo lloj opozite t\u00eb cil\u00ebn e njoh mir\u00eb, i \u00ebsht\u00eb b\u00ebr\u00eb penges\u00eb Shqip\u00ebris\u00eb. Duhet t\u00eb \u00e7lirojm\u00eb t\u00eb ardhmen prej saj. Opozita duhet t\u00eb votoj\u00eb kund\u00ebr lidershipit t\u00eb vet, p\u00ebr t\u00eb \u00e7liruar t\u00eb ardhmen [&hellip;]<\/p>\n","protected":false},"author":2030,"featured_media":232618,"comment_status":"closed","ping_status":"closed","sticky":false,"template":"","format":"standard","meta":{"footnotes":""},"categories":[241,3366,231,1454],"tags":[],"class_list":{"0":"post-232617","1":"post","2":"type-post","3":"status-publish","4":"format-standard","5":"has-post-thumbnail","7":"category-aktualitet","8":"category-koment","9":"category-lajme","10":"category-politike"},"_links":{"self":[{"href":"https:\/\/zjarr.tv\/en\/wp-json\/wp\/v2\/posts\/232617","targetHints":{"allow":["GET"]}}],"collection":[{"href":"https:\/\/zjarr.tv\/en\/wp-json\/wp\/v2\/posts"}],"about":[{"href":"https:\/\/zjarr.tv\/en\/wp-json\/wp\/v2\/types\/post"}],"author":[{"embeddable":true,"href":"https:\/\/zjarr.tv\/en\/wp-json\/wp\/v2\/users\/2030"}],"replies":[{"embeddable":true,"href":"https:\/\/zjarr.tv\/en\/wp-json\/wp\/v2\/comments?post=232617"}],"version-history":[{"count":0,"href":"https:\/\/zjarr.tv\/en\/wp-json\/wp\/v2\/posts\/232617\/revisions"}],"wp:featuredmedia":[{"embeddable":true,"href":"https:\/\/zjarr.tv\/en\/wp-json\/wp\/v2\/media\/232618"}],"wp:attachment":[{"href":"https:\/\/zjarr.tv\/en\/wp-json\/wp\/v2\/media?parent=232617"}],"wp:term":[{"taxonomy":"category","embeddable":true,"href":"https:\/\/zjarr.tv\/en\/wp-json\/wp\/v2\/categories?post=232617"},{"taxonomy":"post_tag","embeddable":true,"href":"https:\/\/zjarr.tv\/en\/wp-json\/wp\/v2\/tags?post=232617"}],"curies":[{"name":"wp","href":"https:\/\/api.w.org\/{rel}","templated":true}]}}