{"id":232621,"date":"2022-01-26T19:04:23","date_gmt":"2022-01-26T18:04:23","guid":{"rendered":"https:\/\/zjarr.tv\/?p=232621"},"modified":"2022-01-26T19:04:23","modified_gmt":"2022-01-26T18:04:23","slug":"roland-bejko-plas-deklaraten-e-forte-per-sali-berishen","status":"publish","type":"post","link":"https:\/\/zjarr.tv\/en\/roland-bejko-plas-deklaraten-e-forte-per-sali-berishen\/","title":{"rendered":"Roland Bejko plas deklarat\u00ebn e fort\u00eb p\u00ebr Sali Berish\u00ebn"},"content":{"rendered":"<p>An\u00ebtari i Kryesis\u00eb s\u00eb PD Roland Bejko, ka th\u00ebn\u00eb mbr\u00ebmjen e djeshme se Sali Berisha donte t\u00eb merrte selin\u00eb blu m\u00eb 8 janar me v\u00ebllavrasje. Sipas tij, Policia b\u00ebri mir\u00eb q\u00eb nd\u00ebrhyri pasi ish-kryeministri d\u00ebrgoi njer\u00ebzit n\u00eb \u201ckull\u00ebn e partis\u00eb\u201d.<\/p>\n<p>N\u00eb emisionin \u201cOra e Betit\u201d, Bejko d\u00ebnon p\u00ebrdorimin e gazit nga Policia dhe thot\u00eb se at\u00eb nuk e meritonin demokrat\u00ebt, por vet\u00ebm nj\u00eb person, Sali Berisha.<\/p>\n<p>Deklarata e Bejkos:<\/p>\n<p>\u201cBerisha \u00ebsht\u00eb bashk\u00ebfajtor me Bash\u00ebn p\u00ebr humbjet dhe \u00ebsht\u00eb pa perspektiv\u00eb, sepse e kan\u00eb izoluar amerikan\u00ebt. K\u00ebt\u00eb e kuptojn\u00eb t\u00eb gjith\u00eb njer\u00ebzit q\u00eb kan\u00eb dy pare mend. T\u00eb gjith\u00eb i kan\u00eb d\u00ebnuar element\u00ebt parapolitike me t\u00eb cilat Berisha do t\u00eb marr\u00eb partin\u00eb.<\/p>\n<p>Berisha k\u00ebrkoi q\u00eb ta merrte kull\u00ebn e partis\u00eb me v\u00eblla vrasje duke i nxitur t\u00eb futen atje. P\u00ebr dat\u00ebn 8 janar po b\u00ebj nj\u00eb deklarat\u00eb personale: padiskutim e d\u00ebnoj ekzagjerimin e gazit q\u00eb p\u00ebrdori policia kund\u00ebr demokrat\u00ebve, pasi e meritonte vet\u00ebm nj\u00eb person, Sali Berisha. Ai i d\u00ebrgoi njer\u00ebzit atje dhe shum\u00eb mir\u00eb q\u00eb PD-ja e thirri policin\u00eb. Atje ndryshe do t\u00eb ishte b\u00ebr\u00eb v\u00eblla vrasje\u201d, tha Roland Bejko.<\/p>","protected":false},"excerpt":{"rendered":"<p>An\u00ebtari i Kryesis\u00eb s\u00eb PD Roland Bejko, ka th\u00ebn\u00eb mbr\u00ebmjen e djeshme se Sali Berisha donte t\u00eb merrte selin\u00eb blu m\u00eb 8 janar me v\u00ebllavrasje. Sipas tij, Policia b\u00ebri mir\u00eb q\u00eb nd\u00ebrhyri pasi ish-kryeministri d\u00ebrgoi njer\u00ebzit n\u00eb \u201ckull\u00ebn e partis\u00eb\u201d. N\u00eb emisionin \u201cOra e Betit\u201d, Bejko d\u00ebnon p\u00ebrdorimin e gazit nga Policia dhe thot\u00eb se [&hellip;]<\/p>\n","protected":false},"author":2030,"featured_media":232536,"comment_status":"closed","ping_status":"closed","sticky":false,"template":"","format":"standard","meta":{"footnotes":""},"categories":[241,3366,231,1454],"tags":[],"class_list":{"0":"post-232621","1":"post","2":"type-post","3":"status-publish","4":"format-standard","5":"has-post-thumbnail","7":"category-aktualitet","8":"category-koment","9":"category-lajme","10":"category-politike"},"_links":{"self":[{"href":"https:\/\/zjarr.tv\/en\/wp-json\/wp\/v2\/posts\/232621","targetHints":{"allow":["GET"]}}],"collection":[{"href":"https:\/\/zjarr.tv\/en\/wp-json\/wp\/v2\/posts"}],"about":[{"href":"https:\/\/zjarr.tv\/en\/wp-json\/wp\/v2\/types\/post"}],"author":[{"embeddable":true,"href":"https:\/\/zjarr.tv\/en\/wp-json\/wp\/v2\/users\/2030"}],"replies":[{"embeddable":true,"href":"https:\/\/zjarr.tv\/en\/wp-json\/wp\/v2\/comments?post=232621"}],"version-history":[{"count":0,"href":"https:\/\/zjarr.tv\/en\/wp-json\/wp\/v2\/posts\/232621\/revisions"}],"wp:featuredmedia":[{"embeddable":true,"href":"https:\/\/zjarr.tv\/en\/wp-json\/wp\/v2\/media\/232536"}],"wp:attachment":[{"href":"https:\/\/zjarr.tv\/en\/wp-json\/wp\/v2\/media?parent=232621"}],"wp:term":[{"taxonomy":"category","embeddable":true,"href":"https:\/\/zjarr.tv\/en\/wp-json\/wp\/v2\/categories?post=232621"},{"taxonomy":"post_tag","embeddable":true,"href":"https:\/\/zjarr.tv\/en\/wp-json\/wp\/v2\/tags?post=232621"}],"curies":[{"name":"wp","href":"https:\/\/api.w.org\/{rel}","templated":true}]}}