{"id":232627,"date":"2022-01-26T19:10:23","date_gmt":"2022-01-26T18:10:23","guid":{"rendered":"https:\/\/zjarr.tv\/?p=232627"},"modified":"2022-01-26T19:10:23","modified_gmt":"2022-01-26T18:10:23","slug":"lufta-mes-bashkise-dhe-armand-dukes-artan-hoxha-tregon-dy-faktet-qe-i-ka-cuar-ne-perplasje-per-ke-po-behet-lufta","status":"publish","type":"post","link":"https:\/\/zjarr.tv\/en\/lufta-mes-bashkise-dhe-armand-dukes-artan-hoxha-tregon-dy-faktet-qe-i-ka-cuar-ne-perplasje-per-ke-po-behet-lufta\/","title":{"rendered":"\u201cLufta mes Bashkis\u00eb dhe Armand Duk\u00ebs\u201d, Artan Hoxha tregon dy faktet q\u00eb i ka \u00e7uar n\u00eb p\u00ebrplasje: P\u00ebr k\u00eb po b\u00ebhet lufta"},"content":{"rendered":"<p>Gazetari Artan Hoxha ka analizuar p\u00ebrplasjen mes kreut t\u00eb FSHF Armand Duka dhe Bashkis\u00eb s\u00eb Tiran\u00ebs.<\/p>\n<p>\u201cUn\u00eb dua ta shoh ngjarjen nga zanafilla. Ky \u00ebsht\u00eb nj\u00eb episod i ngjarjes. Zanafilla \u00ebsht\u00eb q\u00eb futbolli i Shqip\u00ebris\u00eb, sporti q\u00eb prodhon m\u00eb shum\u00eb t\u00eb ardhura \u00ebsht\u00eb i marr\u00eb peng nga nj\u00eb sistem q\u00eb n\u00eb k\u00ebto momente nuk kemi zgjidhje. Lufta po b\u00ebhet p\u00ebr Duk\u00ebn. N\u00eb fakt \u00ebsht\u00eb sistemi, nuk \u00ebsht\u00eb Duka vet\u00eb. Ai ka krijuar nj\u00eb sistem t\u00eb t\u00ebr\u00eb q\u00eb \u00ebsht\u00eb e pamundur ta mund\u00ebsh.<\/p>\n<p>Duka ka ndryshuar statutin e FSHF dhe t\u00eb drejt\u00eb vote kan\u00eb vet\u00ebm 52 delegat\u00eb. N\u00eb zgjedhjet e dat\u00ebs 2 Mars 26 vota i kan\u00eb shoqatat dhe jan\u00eb fshir\u00eb votat e kategoris\u00eb s\u00eb dyt\u00eb dhe t\u00eb tret\u00eb. Mes tyre jan\u00eb edhe klube me shum\u00eb em\u00ebr si Luft\u00ebtari. Nuk ndodh n\u00eb asnj\u00eb vend t\u00eb bot\u00ebs q\u00eb presidenti i FSHF shet t\u00eb drejt\u00ebn televizive\u201d, tha Hoxha.<\/p>\n<p>Ai u shpreh se jan\u00eb dy fakte q\u00eb i kan\u00eb shtyr\u00eb pal\u00ebt n\u00eb p\u00ebrplasje. Nj\u00eb prej tyre \u00ebsht\u00eb finalja e Conference League q\u00eb mund t\u00eb sjell\u00eb edhe skuadr\u00ebn e Rom\u00ebs n\u00eb Tiran\u00eb dhe stadiumi Selman St\u00ebrmasi.<\/p>\n<p>\u201cZgjedhjet n\u00ebse shtyhen do b\u00ebhen p\u00ebr ta ngritur situat\u00ebn n\u00eb nj\u00eb nivel tjet\u00ebr t\u00eb presionit politik. Ka nj\u00eb element ku dy pal\u00ebt p\u00ebrplasen. \u00cbsht\u00eb finalja p\u00ebr her\u00eb t\u00eb par\u00eb n\u00eb Conference League. Mund t\u00eb luaj\u00eb Roma n\u00eb stadiumin komb\u00ebtar. Se ty mund t\u00eb vijn\u00eb minimalisht 10 mij\u00eb turist\u00eb tifoz\u00eb. K\u00ebrkohen hotele dhe t\u2019u lihen linja t\u00eb posa\u00e7me. Kjo pik\u00eb \u00ebsht\u00eb shfryt\u00ebzuar p\u00ebr mua nga kryetari i bashkis\u00eb.<\/p>\n<p>Pika e dyt\u00eb q\u00eb k\u00ebta t\u00eb dy p\u00ebrplasen \u00ebsht\u00eb stadium Selman Stermasi sepse nuk funksionon m\u00eb. Aty \u00ebsht\u00eb b\u00ebr\u00eb projekti p\u00ebr t\u00eb nd\u00ebrtuar nj\u00eb stadium tjet\u00ebr si ai. Por me qend\u00ebr tregtare. Kjo nuk \u00ebsht\u00eb ndar\u00eb deri tani se kush do ta b\u00ebj\u00eb\u201d, tha Hoxha.<\/p>","protected":false},"excerpt":{"rendered":"<p>Gazetari Artan Hoxha ka analizuar p\u00ebrplasjen mes kreut t\u00eb FSHF Armand Duka dhe Bashkis\u00eb s\u00eb Tiran\u00ebs. \u201cUn\u00eb dua ta shoh ngjarjen nga zanafilla. Ky \u00ebsht\u00eb nj\u00eb episod i ngjarjes. Zanafilla \u00ebsht\u00eb q\u00eb futbolli i Shqip\u00ebris\u00eb, sporti q\u00eb prodhon m\u00eb shum\u00eb t\u00eb ardhura \u00ebsht\u00eb i marr\u00eb peng nga nj\u00eb sistem q\u00eb n\u00eb k\u00ebto momente nuk kemi [&hellip;]<\/p>\n","protected":false},"author":2030,"featured_media":232628,"comment_status":"closed","ping_status":"closed","sticky":false,"template":"","format":"standard","meta":{"footnotes":""},"categories":[241,3366,231,1454],"tags":[],"class_list":{"0":"post-232627","1":"post","2":"type-post","3":"status-publish","4":"format-standard","5":"has-post-thumbnail","7":"category-aktualitet","8":"category-koment","9":"category-lajme","10":"category-politike"},"_links":{"self":[{"href":"https:\/\/zjarr.tv\/en\/wp-json\/wp\/v2\/posts\/232627","targetHints":{"allow":["GET"]}}],"collection":[{"href":"https:\/\/zjarr.tv\/en\/wp-json\/wp\/v2\/posts"}],"about":[{"href":"https:\/\/zjarr.tv\/en\/wp-json\/wp\/v2\/types\/post"}],"author":[{"embeddable":true,"href":"https:\/\/zjarr.tv\/en\/wp-json\/wp\/v2\/users\/2030"}],"replies":[{"embeddable":true,"href":"https:\/\/zjarr.tv\/en\/wp-json\/wp\/v2\/comments?post=232627"}],"version-history":[{"count":0,"href":"https:\/\/zjarr.tv\/en\/wp-json\/wp\/v2\/posts\/232627\/revisions"}],"wp:featuredmedia":[{"embeddable":true,"href":"https:\/\/zjarr.tv\/en\/wp-json\/wp\/v2\/media\/232628"}],"wp:attachment":[{"href":"https:\/\/zjarr.tv\/en\/wp-json\/wp\/v2\/media?parent=232627"}],"wp:term":[{"taxonomy":"category","embeddable":true,"href":"https:\/\/zjarr.tv\/en\/wp-json\/wp\/v2\/categories?post=232627"},{"taxonomy":"post_tag","embeddable":true,"href":"https:\/\/zjarr.tv\/en\/wp-json\/wp\/v2\/tags?post=232627"}],"curies":[{"name":"wp","href":"https:\/\/api.w.org\/{rel}","templated":true}]}}