{"id":232631,"date":"2022-01-26T19:12:33","date_gmt":"2022-01-26T18:12:33","guid":{"rendered":"https:\/\/zjarr.tv\/?p=232631"},"modified":"2022-01-26T19:12:33","modified_gmt":"2022-01-26T18:12:33","slug":"kripe-mbi-plagen-e-pd-se-kreshnik-collaku-sali-berisha-ka-vetem-nje-qellim-per-zgjedhjet-e-6-marsit","status":"publish","type":"post","link":"https:\/\/zjarr.tv\/en\/kripe-mbi-plagen-e-pd-se-kreshnik-collaku-sali-berisha-ka-vetem-nje-qellim-per-zgjedhjet-e-6-marsit\/","title":{"rendered":"\u201cKrip\u00eb mbi plag\u00ebn e PD-s\u00eb\u201d, Kreshnik \u00c7ollaku: Sali Berisha ka vet\u00ebm nj\u00eb q\u00ebllim p\u00ebr zgjedhjet e 6 marsit"},"content":{"rendered":"<p>Deputet i PD, Kreshnik \u00c7ollaku thot\u00eb se 6 marsi vjen si krip\u00eb mbi \u201cplag\u00ebn\u201d e Partis\u00eb Demokratike. \u00c7ollaku ka treguar prioritetin e PD p\u00ebr zgjedhjet e pjesshme n\u00eb 6 bashkit\u00eb e vendit.<\/p>\n<p>\u201cPrej 9 shtatorit ka nj\u00eb tension politik n\u00eb PD, i cili frym\u00ebzohet nga nj\u00eb histori e zotit Berisha me SHBA. 6 marsi vjen si nj\u00eb krip\u00eb mbi k\u00ebt\u00eb plag\u00eb t\u00eb PD. \u00c7\u00ebshtja q\u00eb mbetet p\u00ebr tu diskutuar \u00ebsht\u00eb se cili \u00ebsht\u00eb prioriteti n\u00eb ato 6 bashki. N\u00eb rast se demokrat\u00ebt e k\u00ebtyre gjasht\u00eb bashkive jan\u00eb t\u00eb bashkuar, n\u00eb gjykimin tim 5 prej tyre jan\u00eb t\u00eb mundshme t\u00eb fitohen nga PD\u201d, u shpreh \u00c7ollaku.<\/p>\n<p>M\u00eb tej ai theksoi se Komisioni i Rithemelimit, do e p\u00ebrdor\u00eb 6 marsin p\u00ebr t\u00eb nd\u00ebshkuar Bash\u00ebn. Ai thekson se ka k\u00ebrkuar q\u00eb p\u00ebr interes t\u00eb demokrat\u00ebve t\u00eb ndaloj\u00eb kjo sherrnaj\u00eb brenda PD.<\/p>\n<p>\u201c\u00c7\u00ebshtja \u00ebsht\u00eb se Komisioni i Rithemelimit ka nj\u00eb d\u00ebshir\u00eb m\u00eb t\u00eb madhe p\u00ebr t\u00eb p\u00ebrdorur 6 marsin p\u00ebr t\u00eb nd\u00ebshkuar Bash\u00ebn duke e sabotuar fitoren e PD n\u00eb 6 bashki. Ky nuk duhet t\u00eb jet\u00eb interesi prioritar i qytetar\u00ebve t\u00eb k\u00ebtyre bashkive. Un\u00eb kam k\u00ebrkuar q\u00eb n\u00ebse realisht na intereson fati i demokrat\u00ebve mund t\u00eb ket\u00eb nj\u00eb ndalje t\u00eb k\u00ebsaj sherrnaje politike brenda PD. Nuk i heq as nuk i shton asgj\u00eb Bash\u00ebs, as fitorja e as humbja e k\u00ebtyre bashkive\u201d, tha \u00c7ollaku.<\/p>","protected":false},"excerpt":{"rendered":"<p>Deputet i PD, Kreshnik \u00c7ollaku thot\u00eb se 6 marsi vjen si krip\u00eb mbi \u201cplag\u00ebn\u201d e Partis\u00eb Demokratike. \u00c7ollaku ka treguar prioritetin e PD p\u00ebr zgjedhjet e pjesshme n\u00eb 6 bashkit\u00eb e vendit. \u201cPrej 9 shtatorit ka nj\u00eb tension politik n\u00eb PD, i cili frym\u00ebzohet nga nj\u00eb histori e zotit Berisha me SHBA. 6 marsi vjen [&hellip;]<\/p>\n","protected":false},"author":2030,"featured_media":232632,"comment_status":"closed","ping_status":"closed","sticky":false,"template":"","format":"standard","meta":{"footnotes":""},"categories":[241,231,1454],"tags":[],"class_list":{"0":"post-232631","1":"post","2":"type-post","3":"status-publish","4":"format-standard","5":"has-post-thumbnail","7":"category-aktualitet","8":"category-lajme","9":"category-politike"},"_links":{"self":[{"href":"https:\/\/zjarr.tv\/en\/wp-json\/wp\/v2\/posts\/232631","targetHints":{"allow":["GET"]}}],"collection":[{"href":"https:\/\/zjarr.tv\/en\/wp-json\/wp\/v2\/posts"}],"about":[{"href":"https:\/\/zjarr.tv\/en\/wp-json\/wp\/v2\/types\/post"}],"author":[{"embeddable":true,"href":"https:\/\/zjarr.tv\/en\/wp-json\/wp\/v2\/users\/2030"}],"replies":[{"embeddable":true,"href":"https:\/\/zjarr.tv\/en\/wp-json\/wp\/v2\/comments?post=232631"}],"version-history":[{"count":0,"href":"https:\/\/zjarr.tv\/en\/wp-json\/wp\/v2\/posts\/232631\/revisions"}],"wp:featuredmedia":[{"embeddable":true,"href":"https:\/\/zjarr.tv\/en\/wp-json\/wp\/v2\/media\/232632"}],"wp:attachment":[{"href":"https:\/\/zjarr.tv\/en\/wp-json\/wp\/v2\/media?parent=232631"}],"wp:term":[{"taxonomy":"category","embeddable":true,"href":"https:\/\/zjarr.tv\/en\/wp-json\/wp\/v2\/categories?post=232631"},{"taxonomy":"post_tag","embeddable":true,"href":"https:\/\/zjarr.tv\/en\/wp-json\/wp\/v2\/tags?post=232631"}],"curies":[{"name":"wp","href":"https:\/\/api.w.org\/{rel}","templated":true}]}}