{"id":232638,"date":"2022-01-26T19:18:27","date_gmt":"2022-01-26T18:18:27","guid":{"rendered":"https:\/\/zjarr.tv\/?p=232638"},"modified":"2022-01-26T19:18:27","modified_gmt":"2022-01-26T18:18:27","slug":"sali-berisha-ka-nje-pyetje-te-rendesishme-per-demokratet-me-cilin-je-ti","status":"publish","type":"post","link":"https:\/\/zjarr.tv\/en\/sali-berisha-ka-nje-pyetje-te-rendesishme-per-demokratet-me-cilin-je-ti\/","title":{"rendered":"Sali Berisha ka nj\u00eb pyetje t\u00eb r\u00ebnd\u00ebsishme p\u00ebr demokrat\u00ebt: Me cilin je ti?"},"content":{"rendered":"<p>Ish-kryeministri Sali Berisha \u00ebsht\u00eb dit\u00ebn e sotme n\u00eb Patos n\u00eb p\u00ebrvjetorin e themelimit t\u00eb deg\u00ebs s\u00eb Partis\u00eb Demokratike. N\u00eb fjal\u00ebn e tij Berisha u ka k\u00ebrkuar t\u00eb gjith\u00eb demokrat\u00ebve t\u2019i b\u00ebjn\u00eb nj\u00eb pyetje vetes s\u00eb tyre sa I p\u00ebrket partis\u00eb q\u00eb I p\u00ebrkasin dhe liderit q\u00eb mb\u00ebshtesin.<\/p>\n<p>\u201c\u00c7far\u00eb zgjedhjesh b\u00ebn ai q\u00eb u thot\u00eb demokrat\u00ebve q\u00eb n\u00eb Kuvendin e tij marrin pjes\u00eb 5 mij\u00eb e 4 delegat\u00eb kur salla kishte 1 mij\u00eb e 500 karrige. Mos harroni se ato jan\u00eb vota dhe mandate t\u00eb gjitha t\u00eb paligjshme. Kjo tregon se Rama dhe Lul Brava jan\u00eb n\u00eb gar\u00eb se si t\u00eb shtypin m\u00eb shum\u00eb vot\u00ebn e lir\u00eb.<\/p>\n<p>Tani t\u2019ju b\u00ebj nj\u00eb pyetje un\u00eb, t\u00eb gjith\u00eb demokrat\u00ebve. Me cilin je ti? Me at\u00eb q\u00eb hedh gaz helmues, pluhur helmues, bomba helmuesve dhe l\u00ebngje neuroparalizuesve votuesve t\u00eb tij q\u00eb ka ndodhur kurr\u00eb ndonj\u00ebher\u00eb apo je me demokrat\u00ebt q\u00eb duan t\u00eb q\u00ebndrojn\u00eb si opozitar t\u00eb v\u00ebrtet\u00eb, q\u00eb duan t\u00eb luftojn\u00eb kund\u00ebr nj\u00eb regjimi t\u00eb bazuar n\u00eb krim\u201c\u2013 tha Berisha.<\/p>","protected":false},"excerpt":{"rendered":"<p>Ish-kryeministri Sali Berisha \u00ebsht\u00eb dit\u00ebn e sotme n\u00eb Patos n\u00eb p\u00ebrvjetorin e themelimit t\u00eb deg\u00ebs s\u00eb Partis\u00eb Demokratike. N\u00eb fjal\u00ebn e tij Berisha u ka k\u00ebrkuar t\u00eb gjith\u00eb demokrat\u00ebve t\u2019i b\u00ebjn\u00eb nj\u00eb pyetje vetes s\u00eb tyre sa I p\u00ebrket partis\u00eb q\u00eb I p\u00ebrkasin dhe liderit q\u00eb mb\u00ebshtesin. \u201c\u00c7far\u00eb zgjedhjesh b\u00ebn ai q\u00eb u thot\u00eb demokrat\u00ebve [&hellip;]<\/p>\n","protected":false},"author":2030,"featured_media":232639,"comment_status":"closed","ping_status":"closed","sticky":false,"template":"","format":"standard","meta":{"footnotes":""},"categories":[241,3366,1454],"tags":[],"class_list":{"0":"post-232638","1":"post","2":"type-post","3":"status-publish","4":"format-standard","5":"has-post-thumbnail","7":"category-aktualitet","8":"category-koment","9":"category-politike"},"_links":{"self":[{"href":"https:\/\/zjarr.tv\/en\/wp-json\/wp\/v2\/posts\/232638","targetHints":{"allow":["GET"]}}],"collection":[{"href":"https:\/\/zjarr.tv\/en\/wp-json\/wp\/v2\/posts"}],"about":[{"href":"https:\/\/zjarr.tv\/en\/wp-json\/wp\/v2\/types\/post"}],"author":[{"embeddable":true,"href":"https:\/\/zjarr.tv\/en\/wp-json\/wp\/v2\/users\/2030"}],"replies":[{"embeddable":true,"href":"https:\/\/zjarr.tv\/en\/wp-json\/wp\/v2\/comments?post=232638"}],"version-history":[{"count":0,"href":"https:\/\/zjarr.tv\/en\/wp-json\/wp\/v2\/posts\/232638\/revisions"}],"wp:featuredmedia":[{"embeddable":true,"href":"https:\/\/zjarr.tv\/en\/wp-json\/wp\/v2\/media\/232639"}],"wp:attachment":[{"href":"https:\/\/zjarr.tv\/en\/wp-json\/wp\/v2\/media?parent=232638"}],"wp:term":[{"taxonomy":"category","embeddable":true,"href":"https:\/\/zjarr.tv\/en\/wp-json\/wp\/v2\/categories?post=232638"},{"taxonomy":"post_tag","embeddable":true,"href":"https:\/\/zjarr.tv\/en\/wp-json\/wp\/v2\/tags?post=232638"}],"curies":[{"name":"wp","href":"https:\/\/api.w.org\/{rel}","templated":true}]}}