{"id":232642,"date":"2022-01-26T19:27:14","date_gmt":"2022-01-26T18:27:14","guid":{"rendered":"https:\/\/zjarr.tv\/?p=232642"},"modified":"2022-01-26T19:27:14","modified_gmt":"2022-01-26T18:27:14","slug":"shoqerohet-ne-polici-ilir-vrenozi-reagon-menjehere-ilir-meta-edhe-kjo-besoj-rastesi","status":"publish","type":"post","link":"https:\/\/zjarr.tv\/en\/shoqerohet-ne-polici-ilir-vrenozi-reagon-menjehere-ilir-meta-edhe-kjo-besoj-rastesi\/","title":{"rendered":"Shoq\u00ebrohet n\u00eb polici Ilir Vrenozi, reagon menj\u00ebher\u00eb Ilir Meta: Edhe kjo besoj RAST\u00cbSI"},"content":{"rendered":"<p>Kreu i PD Lulzim Basha \u00ebsht\u00eb pritur me protesta sot nga demokrat\u00ebt n\u00eb qytetin e Kor\u00e7\u00ebs. Mb\u00ebshtet\u00ebs t\u00eb ish-kryeministrit Sali Berisha me pankarta n\u00eb duar, me thirrjet \u201cBasha ik\u201d dhe \u201cJemi demokrat\u00eb e jo buk\u00ebshkelur\u201d, kan\u00eb pritur kryedemokratin n\u00eb hyrje t\u00eb \u201cKinema Milenium\u201d, aty ku po zhvillohet takimi.<\/p>\n<p>N\u00eb k\u00ebto momente \u00ebsht\u00eb dashur nd\u00ebrhyrja e policis\u00eb dhe m\u00eb pas protestuesit jan\u00eb larguar. Pas k\u00ebsaj m\u00ebsohet se dy persona jan\u00eb shoq\u00ebruar n\u00eb komisariatin e Policis\u00eb s\u00eb Kor\u00e7\u00ebs mes tyre, edhe personazhi i njohur, Ilir Vrenozi. Pas k\u00ebsaj i menj\u00ebhersh\u00ebm ka qen\u00eb edhe reagimi i presidentit Meta n\u00eb Twitter i cili shkruan: Edhe kjo besoj RAST\u00cbSI, por e v\u00ebrtet\u00eb se m\u00eb njoftoi vet\u00eb adashi im. Ti urojm\u00eb nj\u00eb intervist\u00eb konstruktive dhe demokratike.<\/p>\n<p>Nga Republika e Shqip\u00ebris\u00eb, n\u00eb Republik\u00ebn Socialiste t\u00eb Rast\u00ebsive.<\/p>\n<p><img loading=\"lazy\" decoding=\"async\" class=\"alignnone size-medium wp-image-232643\" src=\"https:\/\/zjarr.tv\/wp-content\/uploads\/2022\/01\/hjhj-1-280x300.png\" alt=\"\" width=\"280\" height=\"300\" srcset=\"https:\/\/zjarr.tv\/wp-content\/uploads\/2022\/01\/hjhj-1-280x300.png 280w, https:\/\/zjarr.tv\/wp-content\/uploads\/2022\/01\/hjhj-1-392x420.png 392w, https:\/\/zjarr.tv\/wp-content\/uploads\/2022\/01\/hjhj-1.png 578w\" sizes=\"auto, (max-width: 280px) 100vw, 280px\" \/><\/p>","protected":false},"excerpt":{"rendered":"<p>Kreu i PD Lulzim Basha \u00ebsht\u00eb pritur me protesta sot nga demokrat\u00ebt n\u00eb qytetin e Kor\u00e7\u00ebs. Mb\u00ebshtet\u00ebs t\u00eb ish-kryeministrit Sali Berisha me pankarta n\u00eb duar, me thirrjet \u201cBasha ik\u201d dhe \u201cJemi demokrat\u00eb e jo buk\u00ebshkelur\u201d, kan\u00eb pritur kryedemokratin n\u00eb hyrje t\u00eb \u201cKinema Milenium\u201d, aty ku po zhvillohet takimi. N\u00eb k\u00ebto momente \u00ebsht\u00eb dashur nd\u00ebrhyrja e [&hellip;]<\/p>\n","protected":false},"author":2030,"featured_media":232644,"comment_status":"closed","ping_status":"closed","sticky":false,"template":"","format":"standard","meta":{"footnotes":""},"categories":[241,3366,231,1454],"tags":[],"class_list":{"0":"post-232642","1":"post","2":"type-post","3":"status-publish","4":"format-standard","5":"has-post-thumbnail","7":"category-aktualitet","8":"category-koment","9":"category-lajme","10":"category-politike"},"_links":{"self":[{"href":"https:\/\/zjarr.tv\/en\/wp-json\/wp\/v2\/posts\/232642","targetHints":{"allow":["GET"]}}],"collection":[{"href":"https:\/\/zjarr.tv\/en\/wp-json\/wp\/v2\/posts"}],"about":[{"href":"https:\/\/zjarr.tv\/en\/wp-json\/wp\/v2\/types\/post"}],"author":[{"embeddable":true,"href":"https:\/\/zjarr.tv\/en\/wp-json\/wp\/v2\/users\/2030"}],"replies":[{"embeddable":true,"href":"https:\/\/zjarr.tv\/en\/wp-json\/wp\/v2\/comments?post=232642"}],"version-history":[{"count":0,"href":"https:\/\/zjarr.tv\/en\/wp-json\/wp\/v2\/posts\/232642\/revisions"}],"wp:featuredmedia":[{"embeddable":true,"href":"https:\/\/zjarr.tv\/en\/wp-json\/wp\/v2\/media\/232644"}],"wp:attachment":[{"href":"https:\/\/zjarr.tv\/en\/wp-json\/wp\/v2\/media?parent=232642"}],"wp:term":[{"taxonomy":"category","embeddable":true,"href":"https:\/\/zjarr.tv\/en\/wp-json\/wp\/v2\/categories?post=232642"},{"taxonomy":"post_tag","embeddable":true,"href":"https:\/\/zjarr.tv\/en\/wp-json\/wp\/v2\/tags?post=232642"}],"curies":[{"name":"wp","href":"https:\/\/api.w.org\/{rel}","templated":true}]}}