{"id":232648,"date":"2022-01-26T20:19:36","date_gmt":"2022-01-26T19:19:36","guid":{"rendered":"https:\/\/zjarr.tv\/?p=232648"},"modified":"2022-01-26T20:19:36","modified_gmt":"2022-01-26T19:19:36","slug":"deputeti-saimir-korreshi-te-marrim-njehere-bashkite-pastaj-le-te-plase-boksi","status":"publish","type":"post","link":"https:\/\/zjarr.tv\/en\/deputeti-saimir-korreshi-te-marrim-njehere-bashkite-pastaj-le-te-plase-boksi\/","title":{"rendered":"Deputeti Saimir Korreshi: T\u00eb marrim nj\u00ebher\u00eb bashkit\u00eb, pastaj le t\u00eb plas\u00eb boksi!"},"content":{"rendered":"<p>Deputeti Saimir Korreshi tha mbr\u00ebmjen e sotme se me 2 kandidat\u00eb PD rrezikon t\u00eb humbas\u00eb n\u00eb zgjedhje e pjesshme lokale q\u00eb do t\u00eb mbahen m\u00eb 6 Mars, n\u00eb 6 bashki t\u00eb vendit.<\/p>\n<p>\u201c\u00cbsht\u00eb nj\u00eb presion shum\u00eb i madh. Trysni p\u00ebrball\u00eb t\u00eb gjith\u00eb demokrat\u00ebve lushnjar\u00eb t\u00eb cil\u00ebve po i vemi si dy  gjysma gjeli . N\u00ebse t\u00eb dy kandidat\u00ebt q\u00eb do t\u00eb dalin do jen\u00eb brenda nesh brenda k\u00ebsaj armate q\u00eb prodhuan k\u00ebto vota n\u00eb Durr\u00ebs.<\/p>\n<p>\u201cE vetmja formul\u00eb \u00ebsht\u00eb q\u00eb ne demokrat\u00ebt k\u00ebtu n\u00eb baz\u00eb t\u00eb mendojm\u00eb p\u00ebr t\u00eb fituar bashkit\u00eb dhe jo kujt t\u2019i sh\u00ebrbejm\u00eb Berish\u00ebs apo Bash\u00ebs. Un\u00eb jam me iden\u00eb q\u00eb fillimisht t\u00eb marrim bashkin\u00eb e Lushnjes pas kaq vitesh pastaj le t\u00eb marrim dorezat e boksit dhe t\u00eb zihemi p\u00ebrs\u00ebri. <\/p>\n<p>Nuk \u00ebsht\u00eb lufta jon\u00eb e demokrat\u00ebve k\u00ebtu. Ti kthejm\u00eb bashkin\u00eb e Lushnjes demokrat\u00ebve. T\u00eb shkojm\u00eb me nj\u00eb kandidat.  <\/p>\n<p>Do na qeshin se do thon\u00eb prap\u00eb ata burgaxhinjt\u00eb ju rrah\u00ebn. Do jet\u00eb turpi jon\u00eb. Duke na par\u00eb me dy kandidat\u00eb nuk krijohet fryma  e bashkimit. Pavar\u00ebsisht presionit ne kemi akoma m\u00eb shum\u00eb mund\u00ebsi dhe potencial. Kandidati i prodhuar nga ana jon\u00eb b\u00ebn t\u00eb pamundur p\u00ebr ta fituar k\u00ebt\u00eb gar\u00eb. Ende s\u2019kemi nj\u00eb em\u00ebr t\u00eb p\u00ebrbashk\u00ebt p\u00ebr kandidat. N\u00ebse dega del solide e fort\u00eb dhe e bashkuar ne i imponohemi Tiran\u00ebs dhe i themi ky \u00ebsht\u00eb kandidati jon\u00eb\u201d, p\u00ebrfundoi deputeti Korreshi.<\/p>","protected":false},"excerpt":{"rendered":"<p>Deputeti Saimir Korreshi tha mbr\u00ebmjen e sotme se me 2 kandidat\u00eb PD rrezikon t\u00eb humbas\u00eb n\u00eb zgjedhje e pjesshme lokale q\u00eb do t\u00eb mbahen m\u00eb 6 Mars, n\u00eb 6 bashki t\u00eb vendit. \u201c\u00cbsht\u00eb nj\u00eb presion shum\u00eb i madh. Trysni p\u00ebrball\u00eb t\u00eb gjith\u00eb demokrat\u00ebve lushnjar\u00eb t\u00eb cil\u00ebve po i vemi si dy gjysma gjeli . N\u00ebse [&hellip;]<\/p>\n","protected":false},"author":2031,"featured_media":232649,"comment_status":"closed","ping_status":"closed","sticky":false,"template":"","format":"standard","meta":{"footnotes":""},"categories":[241,231,235],"tags":[],"class_list":{"0":"post-232648","1":"post","2":"type-post","3":"status-publish","4":"format-standard","5":"has-post-thumbnail","7":"category-aktualitet","8":"category-lajme","9":"category-vendi"},"_links":{"self":[{"href":"https:\/\/zjarr.tv\/en\/wp-json\/wp\/v2\/posts\/232648","targetHints":{"allow":["GET"]}}],"collection":[{"href":"https:\/\/zjarr.tv\/en\/wp-json\/wp\/v2\/posts"}],"about":[{"href":"https:\/\/zjarr.tv\/en\/wp-json\/wp\/v2\/types\/post"}],"author":[{"embeddable":true,"href":"https:\/\/zjarr.tv\/en\/wp-json\/wp\/v2\/users\/2031"}],"replies":[{"embeddable":true,"href":"https:\/\/zjarr.tv\/en\/wp-json\/wp\/v2\/comments?post=232648"}],"version-history":[{"count":0,"href":"https:\/\/zjarr.tv\/en\/wp-json\/wp\/v2\/posts\/232648\/revisions"}],"wp:featuredmedia":[{"embeddable":true,"href":"https:\/\/zjarr.tv\/en\/wp-json\/wp\/v2\/media\/232649"}],"wp:attachment":[{"href":"https:\/\/zjarr.tv\/en\/wp-json\/wp\/v2\/media?parent=232648"}],"wp:term":[{"taxonomy":"category","embeddable":true,"href":"https:\/\/zjarr.tv\/en\/wp-json\/wp\/v2\/categories?post=232648"},{"taxonomy":"post_tag","embeddable":true,"href":"https:\/\/zjarr.tv\/en\/wp-json\/wp\/v2\/tags?post=232648"}],"curies":[{"name":"wp","href":"https:\/\/api.w.org\/{rel}","templated":true}]}}