{"id":232680,"date":"2022-01-27T12:02:44","date_gmt":"2022-01-27T11:02:44","guid":{"rendered":"https:\/\/zjarr.tv\/?p=232680"},"modified":"2022-01-27T12:02:44","modified_gmt":"2022-01-27T11:02:44","slug":"o-pallat-kapllani-ke-fituar-miliona-euro-me-tenderat-kapllanaj-i-kthen-pergjigje-berishes-ka-inat-dhe-vazhdon-vjell-vrer","status":"publish","type":"post","link":"https:\/\/zjarr.tv\/en\/o-pallat-kapllani-ke-fituar-miliona-euro-me-tenderat-kapllanaj-i-kthen-pergjigje-berishes-ka-inat-dhe-vazhdon-vjell-vrer\/","title":{"rendered":"\u201cO \u2018Pallat Kapllani\u2019 ke fituar miliona euro me tenderat\u201d, Kapllanaj i kthen p\u00ebrgjigje Berish\u00ebs: Ka inat dhe vazhdon vjell vrer"},"content":{"rendered":"<p>Deputeti i Partis\u00eb Demokratike dhe drejtuesi i deg\u00ebs Fier, Agron Kapllanaj, i \u00ebsht\u00eb p\u00ebrgjigjur ish-kryeministrit Sali Berisha, lidhur me akuzat q\u00eb ky i fundit i b\u00ebri dit\u00ebn e djeshme se p\u00ebrmes firm\u00ebs s\u00eb nd\u00ebrtimit n\u00eb em\u00ebr t\u00eb t\u00eb v\u00ebllait ka marr\u00eb tendera miliona euro nga bashkit\u00eb socialiste.<\/p>\n<p>P\u00ebrmes nj\u00eb postimi n\u00eb rrjetet sociale Kapllnaj thot\u00eb se Berisha \u201cvjell vrer\u201dpasi nuk i del inati q\u00eb qyteti i Fierit mb\u00ebshtet hapur Lulzim Bash\u00ebn.<\/p>\n<p>\u201cPasi d\u00ebshtoi me turp sepse demokrat\u00ebt e braktis\u00ebn, Berisha tani sillet v\u00ebrdall\u00eb si ish-politikani i korruptuar, si ish-kryeministri i par\u00eb non-grata p\u00ebr korrupsion n\u00eb historin\u00eb e Shqip\u00ebris\u00eb dhe vet\u00ebm vjell vrer sepse nuk i del inati q\u00eb Fieri \u00ebsht\u00eb me t\u00eb ardhmen dhe mb\u00ebshtet Lulzim\u00a0 Bash\u00ebn.<\/p>\n<p>\u00c7do dit\u00eb ai nxjerr g\u00ebnjeshtra dhe shprifje t\u00eb reja si nj\u00eb shpif\u00ebs ordiner. Por Berisha nuk e mban m\u00eb dot peng as t\u00eb ardhmen e PD-s\u00eb dhe as t\u00eb Shqip\u00ebris\u00eb. Ai \u00ebsht\u00eb vet\u00ebm e shkuara e keqe e saj! Ne do punojm\u00eb fort derisa t\u00eb sjellim nj\u00eb t\u00eb ardhme m\u00eb t\u00eb mir\u00eb p\u00ebr demokrat\u00ebt dhe gjith\u00eb shqiptar\u00ebt\u201d shkruan Kapllanaj.<\/p>\n<p>Kujtojm\u00eb se dit\u00ebn e sotme Sali Berisha gjat\u00eb nj\u00eb takimi me demokrat\u00ebt n\u00eb Patos tha se Agron Kapllanaj \u00ebsht\u00eb pasuruar duke fituar tendera miliona euro n\u00eb bashkit\u00eb socialiste.<\/p>\n<p>\u201cMe cilin je ti, me Lul Brav\u00ebn e parkut t\u00eb 4 hajdut\u00ebve q\u00eb ka shitur selin\u00eb p\u00ebr t\u00eb nd\u00ebrtuar pallate bashk\u00eb me Edi Ram\u00ebn dhe Erion Velin\u00eb dhe p\u00ebr k\u00ebt\u00eb shkak nuk lejon demokrat\u00ebt n\u00eb sht\u00ebpin\u00eb e tyre. Me cilin je ti, me \u201cPallat Kapllanin\u201d q\u00eb fiton me qeverisjen socialiste dhjet\u00ebra dhjet\u00ebra milion\u00eb euro dhe pastaj vjen e prish sht\u00ebpit\u00eb e fukarenjve n\u00eb Tiran\u00eb p\u00ebr t\u00eb nd\u00ebrtuar pallatin e milionave bashk\u00eb me Lulzim Bash\u00ebn.<\/p>\n<p>K\u00ebta jan\u00eb gjakpir\u00ebs. Ja ti them un\u00eb atij \u201cPallat Kapllanit\u201d, si i fitove t\u2019i 32 mln euro me bashkit\u00eb socialiste n\u00eb k\u00ebt\u00eb periudh\u00eb, sa pagove, \u00e7far\u00eb ryshfeti dhe? Duhet t\u00eb largohesh nga PD. Vjen b\u00ebhesh veg\u00ebl e Bash\u00ebs, ka rrezik t\u00eb ket\u00eb marr\u00eb edhe ndonj\u00eb pallat te \u201cparku i kat\u00ebr hajdut\u00ebve\u201d tha Berisha n\u00eb Patos.<\/p>","protected":false},"excerpt":{"rendered":"<p>Deputeti i Partis\u00eb Demokratike dhe drejtuesi i deg\u00ebs Fier, Agron Kapllanaj, i \u00ebsht\u00eb p\u00ebrgjigjur ish-kryeministrit Sali Berisha, lidhur me akuzat q\u00eb ky i fundit i b\u00ebri dit\u00ebn e djeshme se p\u00ebrmes firm\u00ebs s\u00eb nd\u00ebrtimit n\u00eb em\u00ebr t\u00eb t\u00eb v\u00ebllait ka marr\u00eb tendera miliona euro nga bashkit\u00eb socialiste. P\u00ebrmes nj\u00eb postimi n\u00eb rrjetet sociale Kapllnaj thot\u00eb [&hellip;]<\/p>\n","protected":false},"author":2030,"featured_media":232681,"comment_status":"closed","ping_status":"closed","sticky":false,"template":"","format":"standard","meta":{"footnotes":""},"categories":[241,231,1454],"tags":[],"class_list":{"0":"post-232680","1":"post","2":"type-post","3":"status-publish","4":"format-standard","5":"has-post-thumbnail","7":"category-aktualitet","8":"category-lajme","9":"category-politike"},"_links":{"self":[{"href":"https:\/\/zjarr.tv\/en\/wp-json\/wp\/v2\/posts\/232680","targetHints":{"allow":["GET"]}}],"collection":[{"href":"https:\/\/zjarr.tv\/en\/wp-json\/wp\/v2\/posts"}],"about":[{"href":"https:\/\/zjarr.tv\/en\/wp-json\/wp\/v2\/types\/post"}],"author":[{"embeddable":true,"href":"https:\/\/zjarr.tv\/en\/wp-json\/wp\/v2\/users\/2030"}],"replies":[{"embeddable":true,"href":"https:\/\/zjarr.tv\/en\/wp-json\/wp\/v2\/comments?post=232680"}],"version-history":[{"count":0,"href":"https:\/\/zjarr.tv\/en\/wp-json\/wp\/v2\/posts\/232680\/revisions"}],"wp:featuredmedia":[{"embeddable":true,"href":"https:\/\/zjarr.tv\/en\/wp-json\/wp\/v2\/media\/232681"}],"wp:attachment":[{"href":"https:\/\/zjarr.tv\/en\/wp-json\/wp\/v2\/media?parent=232680"}],"wp:term":[{"taxonomy":"category","embeddable":true,"href":"https:\/\/zjarr.tv\/en\/wp-json\/wp\/v2\/categories?post=232680"},{"taxonomy":"post_tag","embeddable":true,"href":"https:\/\/zjarr.tv\/en\/wp-json\/wp\/v2\/tags?post=232680"}],"curies":[{"name":"wp","href":"https:\/\/api.w.org\/{rel}","templated":true}]}}