{"id":232782,"date":"2022-01-27T14:39:49","date_gmt":"2022-01-27T13:39:49","guid":{"rendered":"https:\/\/zjarr.tv\/?p=232782"},"modified":"2022-01-27T14:39:49","modified_gmt":"2022-01-27T13:39:49","slug":"zgjedhjet-vendore-te-6-marsit-celibashi-rikujtese-kryetareve-te-njesive-vendore-lajmeroni-me-shkrim-zgjedhesit","status":"publish","type":"post","link":"https:\/\/zjarr.tv\/en\/zgjedhjet-vendore-te-6-marsit-celibashi-rikujtese-kryetareve-te-njesive-vendore-lajmeroni-me-shkrim-zgjedhesit\/","title":{"rendered":"Zgjedhjet vendore t\u00eb 6 Marsit, Celibashi rikujtes\u00eb kryetar\u00ebve t\u00eb nj\u00ebsive vendore: Lajm\u00ebroni me shkrim zgjedh\u00ebsit!"},"content":{"rendered":"<p>Komisioneri Shtet\u00ebror i Zgjedhjeve, Ilirjan Celibashi i rikujton kryetar\u00ebve t\u00eb nj\u00ebsive t\u00eb qeverisjes vendore ku do t\u00eb zhvillohen zgjedhjet lokale n\u00eb 6 Mars, detyrimin q\u00eb kan\u00eb p\u00ebr t\u00eb lajm\u00ebruar me shkrim zgjedh\u00ebsit e p\u00ebrfshir\u00eb n\u00eb list\u00ebn e shpallur nga zyrat e gjendjes civile p\u00ebr qendrat e votimit.<\/p>\n<p>Sipas tij, lajm\u00ebrimi me shkrim duhet t\u00eb p\u00ebrmbaj\u00eb informacion mbi qendr\u00ebn e votimit, vendndodhjen dhe adres\u00ebn e saj, si dhe numrin rendor t\u00eb zgjedh\u00ebsit n\u00eb list\u00ebn e zgjedh\u00ebsve t\u00eb qendr\u00ebs s\u00eb tij t\u00eb votimit.<\/p>\n<p>KQZ iu b\u00ebn thirrje qytetar\u00ebve t\u00eb bashkis\u00eb Dib\u00ebr, Shkod\u00ebr, Durr\u00ebs, Vor\u00eb, Rrogozhin\u00eb dhe Lushnj\u00eb, t\u00eb kontrollojn\u00eb emrin e tyre n\u00eb list\u00ebn e zgjedh\u00ebsve dhe vendndodhjen e qendr\u00ebs s\u00eb tyre t\u00eb votimit pran\u00eb nj\u00ebsive t\u00eb tyre administrative, si edhe n\u00eb faqen zyrtare t\u00eb KQZ-s\u00eb.<\/p>\n<p>Kujtojm\u00eb se zgjedhjet e pjesshme do t\u00eb mbahen m\u00eb 6 Mars, n\u00eb 6 bashki t\u00eb vendit, ku qytetar\u00ebt do t\u00eb votojn\u00eb p\u00ebr kryetarin e Bashkis\u00eb s\u00eb tyre:<\/p>\n<p>-Bashkia e Durr\u00ebsit<\/p>\n<p>-Bashkia e Shkodr\u00ebs<\/p>\n<p>-Bashkia e Dibr\u00ebs<\/p>\n<p>-Bashkia e Vor\u00ebs,<\/p>\n<p>-Bashkia e Lushnj\u00ebs<\/p>\n<p>-Bashkia e Rrogozhin\u00ebs<\/p>","protected":false},"excerpt":{"rendered":"<p>Komisioneri Shtet\u00ebror i Zgjedhjeve, Ilirjan Celibashi i rikujton kryetar\u00ebve t\u00eb nj\u00ebsive t\u00eb qeverisjes vendore ku do t\u00eb zhvillohen zgjedhjet lokale n\u00eb 6 Mars, detyrimin q\u00eb kan\u00eb p\u00ebr t\u00eb lajm\u00ebruar me shkrim zgjedh\u00ebsit e p\u00ebrfshir\u00eb n\u00eb list\u00ebn e shpallur nga zyrat e gjendjes civile p\u00ebr qendrat e votimit. Sipas tij, lajm\u00ebrimi me shkrim duhet t\u00eb p\u00ebrmbaj\u00eb [&hellip;]<\/p>\n","protected":false},"author":2030,"featured_media":194785,"comment_status":"closed","ping_status":"closed","sticky":false,"template":"","format":"standard","meta":{"footnotes":""},"categories":[241,3366,231,1454],"tags":[],"class_list":{"0":"post-232782","1":"post","2":"type-post","3":"status-publish","4":"format-standard","5":"has-post-thumbnail","7":"category-aktualitet","8":"category-koment","9":"category-lajme","10":"category-politike"},"_links":{"self":[{"href":"https:\/\/zjarr.tv\/en\/wp-json\/wp\/v2\/posts\/232782","targetHints":{"allow":["GET"]}}],"collection":[{"href":"https:\/\/zjarr.tv\/en\/wp-json\/wp\/v2\/posts"}],"about":[{"href":"https:\/\/zjarr.tv\/en\/wp-json\/wp\/v2\/types\/post"}],"author":[{"embeddable":true,"href":"https:\/\/zjarr.tv\/en\/wp-json\/wp\/v2\/users\/2030"}],"replies":[{"embeddable":true,"href":"https:\/\/zjarr.tv\/en\/wp-json\/wp\/v2\/comments?post=232782"}],"version-history":[{"count":0,"href":"https:\/\/zjarr.tv\/en\/wp-json\/wp\/v2\/posts\/232782\/revisions"}],"wp:featuredmedia":[{"embeddable":true,"href":"https:\/\/zjarr.tv\/en\/wp-json\/wp\/v2\/media\/194785"}],"wp:attachment":[{"href":"https:\/\/zjarr.tv\/en\/wp-json\/wp\/v2\/media?parent=232782"}],"wp:term":[{"taxonomy":"category","embeddable":true,"href":"https:\/\/zjarr.tv\/en\/wp-json\/wp\/v2\/categories?post=232782"},{"taxonomy":"post_tag","embeddable":true,"href":"https:\/\/zjarr.tv\/en\/wp-json\/wp\/v2\/tags?post=232782"}],"curies":[{"name":"wp","href":"https:\/\/api.w.org\/{rel}","templated":true}]}}