{"id":232789,"date":"2022-01-27T14:58:56","date_gmt":"2022-01-27T13:58:56","guid":{"rendered":"https:\/\/zjarr.tv\/?p=232789"},"modified":"2022-01-27T14:58:56","modified_gmt":"2022-01-27T13:58:56","slug":"saimir-korreshi-sfidon-publikisht-bashen-dhe-berishen-zbulon-cfare-do-te-ndodhe-ne-zgjedhjet-e-6-marsit-ne-lushnje","status":"publish","type":"post","link":"https:\/\/zjarr.tv\/en\/saimir-korreshi-sfidon-publikisht-bashen-dhe-berishen-zbulon-cfare-do-te-ndodhe-ne-zgjedhjet-e-6-marsit-ne-lushnje\/","title":{"rendered":"Saimir Korreshi sfidon publikisht Bash\u00ebn dhe Berish\u00ebn, zbulon \u00e7far\u00eb do t\u00eb ndodh\u00eb n\u00eb zgjedhjet e 6 marsit n\u00eb Lushnje"},"content":{"rendered":"<p>Deputeti i Partis\u00eb Demokratike Saimir Korreshi komentoi sot n\u00eb nj\u00eb intervist\u00eb p\u00ebr MCN Live, zgjedhjet e pjesshme lokale t\u00eb 6 marsit. Ai deklaroi se fitorja n\u00eb Lushnje do t\u00eb jet\u00eb e garantuar n\u00ebse dalin me nj\u00eb kandidat t\u00eb vet\u00ebm.<\/p>\n<p>Korreshi tha se fitorja \u00ebsht\u00eb e garantuar n\u00ebse dilet me nj\u00eb kandidat t\u00eb vet\u00ebm dhe se sipas tij, kandidati n\u00eb k\u00ebt\u00eb rast nuk do t\u00eb jet\u00eb i Bash\u00ebs apo Berish\u00ebs, por i Partis\u00eb Demokratike t\u00eb Lushnjes dhe se n\u00ebse arrihet t\u00eb dakord\u00ebsohet p\u00ebr emrin e vet\u00ebm t\u00eb duhur klo do t\u00eb kaloj\u00eb p\u00ebrtej sigl\u00ebs.<\/p>\n<p>Komenti i Korreshit:<\/p>\n<p>\u201cD\u00ebshira e demokrat\u00ebve t\u00eb Lushnjes \u00ebsht\u00eb p\u00ebr nj\u00eb kandidat t\u00eb vet\u00ebm q\u00eb probabiliteti \u00ebsht\u00eb m\u00eb i madh p\u00ebr t\u00eb fituar. Bashkin\u00eb e Lushnj\u00ebs ta kthejm\u00eb n\u00eb favor t\u00eb PD, duhet angazhim politik. Nj\u00eb kandidat i p\u00ebrbashk\u00ebt, por s\u2019kemi gjetur akoma nj\u00eb em\u00ebrues. Kan\u00eb dal\u00eb kandidat\u00eb shum\u00eb emra t\u00eb mir\u00eb, baza i njeh mir\u00eb t\u00eb 4 kandidat\u00ebt, por ende nuk \u00ebsht\u00eb arritur n\u00eb nj\u00eb em\u00ebrues t\u00eb p\u00ebrbashk\u00ebt.<\/p>\n<p>N\u00ebse do dalim me nj\u00eb propozim do t\u00eb thot\u00eb q\u00eb nj\u00eb kandidat t\u00eb vet\u00ebm e privojm\u00eb. Kemi k\u00ebrkuar t\u00eb v\u00ebm\u00eb logjik\u00ebn n\u00eb pun\u00eb dhe n\u00ebse dalim me nj\u00eb em\u00ebr do t\u00eb thot\u00eb q\u00eb kemi r\u00ebn\u00eb dakord. Ne po diskutojm\u00eb akoma p\u00ebr nj\u00eb kandidat dhe nuk mund t\u00eb shprehem n\u00eb k\u00ebto kushte.<\/p>\n<p>Un\u00eb nuk e kam menduar t\u00eb jem vet\u00eb n\u00eb gar\u00eb por k\u00ebtu nuk diskutohet n\u00ebse kandidati do t\u00eb jet\u00eb me bindje nga grupoi i rithemelimit apo Bash\u00ebn, por pretendojm\u00eb t\u00eb arrijm\u00eb nj\u00eb kandidat fitues p\u00ebr Lushnj\u00ebn. Kandidati do t\u00eb jet\u00eb i PD s\u00eb Lushnj\u00ebs, s\u2019ka t\u00eb Bash\u00ebs apo Berish\u00ebs. N\u00ebse ata si ulin arm\u00ebt do punojm\u00eb ne q\u00eb ti ulin arm\u00ebt. Por ky kandidat do t\u00eb jet\u00eb i PD Lushnj\u00ebs. Me kandidat t\u00eb vet\u00ebm Lushnja fiton.\u201d, tha Korreshi.<\/p>","protected":false},"excerpt":{"rendered":"<p>Deputeti i Partis\u00eb Demokratike Saimir Korreshi komentoi sot n\u00eb nj\u00eb intervist\u00eb p\u00ebr MCN Live, zgjedhjet e pjesshme lokale t\u00eb 6 marsit. Ai deklaroi se fitorja n\u00eb Lushnje do t\u00eb jet\u00eb e garantuar n\u00ebse dalin me nj\u00eb kandidat t\u00eb vet\u00ebm. Korreshi tha se fitorja \u00ebsht\u00eb e garantuar n\u00ebse dilet me nj\u00eb kandidat t\u00eb vet\u00ebm dhe se [&hellip;]<\/p>\n","protected":false},"author":2030,"featured_media":232649,"comment_status":"closed","ping_status":"closed","sticky":false,"template":"","format":"standard","meta":{"footnotes":""},"categories":[241,3366,231,1454],"tags":[],"class_list":{"0":"post-232789","1":"post","2":"type-post","3":"status-publish","4":"format-standard","5":"has-post-thumbnail","7":"category-aktualitet","8":"category-koment","9":"category-lajme","10":"category-politike"},"_links":{"self":[{"href":"https:\/\/zjarr.tv\/en\/wp-json\/wp\/v2\/posts\/232789","targetHints":{"allow":["GET"]}}],"collection":[{"href":"https:\/\/zjarr.tv\/en\/wp-json\/wp\/v2\/posts"}],"about":[{"href":"https:\/\/zjarr.tv\/en\/wp-json\/wp\/v2\/types\/post"}],"author":[{"embeddable":true,"href":"https:\/\/zjarr.tv\/en\/wp-json\/wp\/v2\/users\/2030"}],"replies":[{"embeddable":true,"href":"https:\/\/zjarr.tv\/en\/wp-json\/wp\/v2\/comments?post=232789"}],"version-history":[{"count":0,"href":"https:\/\/zjarr.tv\/en\/wp-json\/wp\/v2\/posts\/232789\/revisions"}],"wp:featuredmedia":[{"embeddable":true,"href":"https:\/\/zjarr.tv\/en\/wp-json\/wp\/v2\/media\/232649"}],"wp:attachment":[{"href":"https:\/\/zjarr.tv\/en\/wp-json\/wp\/v2\/media?parent=232789"}],"wp:term":[{"taxonomy":"category","embeddable":true,"href":"https:\/\/zjarr.tv\/en\/wp-json\/wp\/v2\/categories?post=232789"},{"taxonomy":"post_tag","embeddable":true,"href":"https:\/\/zjarr.tv\/en\/wp-json\/wp\/v2\/tags?post=232789"}],"curies":[{"name":"wp","href":"https:\/\/api.w.org\/{rel}","templated":true}]}}