{"id":232795,"date":"2022-01-27T15:26:49","date_gmt":"2022-01-27T14:26:49","guid":{"rendered":"https:\/\/zjarr.tv\/?p=232795"},"modified":"2022-01-27T15:26:49","modified_gmt":"2022-01-27T14:26:49","slug":"ndertimi-tek-5-maji-veliaj-kallezohet-ne-spak","status":"publish","type":"post","link":"https:\/\/zjarr.tv\/en\/ndertimi-tek-5-maji-veliaj-kallezohet-ne-spak\/","title":{"rendered":"Nd\u00ebrtimi tek \u20185 Maji\u2019\/ Veliaj kall\u00ebzohet n\u00eb SPAK"},"content":{"rendered":"<p>Partia Demokratike, njofton se\u00a0 ka kall\u00ebzuar sot n\u00eb SPAK Kryetarin e Bashkis\u00eb Tiran\u00eb Erion Veliaj dhe zyrtar\u00eb t\u00eb tjer\u00eb t\u00eb Bashkis\u00eb Tiran\u00eb p\u00ebr shp\u00ebrdorim detyre dhe shkelje e barazis\u00eb s\u00eb pjes\u00ebmarr\u00ebsve n\u00eb tendera. N\u00eb kall\u00ebzim evidentohet se Bashkia Tiran\u00eb si autoritet kontraktor ka kualifikuar dhe shpallur fitues n\u00eb tenderat e rind\u00ebrtimit n\u00eb lagjen 5 Maj n\u00eb Tiran\u00eb, me vler\u00eb m\u00eb shum\u00eb se 10 milion euro, kompanin\u00eb n\u00eb pron\u00ebsi t\u00eb shtetasit Anton Gjinaj alias Pashk Rapi, person me rekorde t\u00eb r\u00ebnda kriminale.<\/p>\n<p>Sipas PD, Pronari i kompanis\u00eb \u00ebsht\u00eb nj\u00eb person i d\u00ebnuar p\u00ebr trafik droge n\u00eb Itali dhe Spanj\u00eb, zot\u00ebrues i shoq\u00ebris\u00eb Alesio 2014 sh.p.k. Sipas Ministris\u00eb s\u00eb Brendshme t\u00eb Malit t\u00eb Zi, Anton Gjini \u00ebsht\u00eb an\u00ebtar i nj\u00eb organizate kriminale, e cila n\u00eb vitin 2006 organizoi dhe koordinoi importimin, magazinimin dhe shitjen e m\u00ebtejshme t\u00eb 50 kilogram\u00ebve heroin\u00eb n\u00eb territorin e Spanj\u00ebs dhe p\u00ebr k\u00ebt\u00eb rezulton t\u00eb jet\u00eb i d\u00ebnuar me 8 vite e 9 muaj burg.<\/p>\n<p>\u201cSipas ligjit p\u00ebr prokurimet publike autoriteti kontraktor ka detyrimin p\u00ebr t\u00eb skualifikuar nj\u00eb operator ekonomik, kur an\u00ebtari i nj\u00eb organi administrativ, drejtues ose mbik\u00ebqyr\u00ebs i atij, aksionar ose ortak i kompanis\u00eb \u00ebsht\u00eb i d\u00ebnuar p\u00ebr organizim, drejtim ose financim i veprimtaris\u00eb s\u00eb prodhimit dhe shitjes s\u00eb narkotik\u00ebve, si dhe i veprimtaris\u00eb s\u00eb trafikimit t\u00eb narkotik\u00ebve. Kryetari i Bashkis\u00eb s\u00eb Tiran\u00ebs, n\u00eb cil\u00ebsin\u00eb e tij si titullar i autoritetit kontraktor, duke shp\u00ebrdoruar detyr\u00ebn dhe duke shkelur ligjin e prokurimeve publike, ka injoruar k\u00ebt\u00eb detyrim, duke konsumuar veprat penale t\u00eb sip\u00ebrcituara\u201d- thuhet n\u00eb kall\u00ebzimin e firmosur nga Sekretari i P\u00ebrgjithsh\u00ebm i PD Gazment Bardhi.<\/p>\n<p>Gjithashtu n\u00eb kall\u00ebzim k\u00ebrkohet nga SPAK q\u00eb t\u00eb kryhet nj\u00eb hetim i plot\u00eb dhe i gjith\u00ebansh\u00ebm p\u00ebr afer\u00ebn e projektit zhvillimor n\u00eb nj\u00ebsit\u00eb administrative 4 dhe 8, zona \u201c5 Maji\u201d, dhe paraqitjen e k\u00ebrkes\u00ebs n\u00eb gjykat\u00eb p\u00ebr vendosjen e sekuestros preventive ndaj projektit, sipas nenit 274 e vijues t\u00eb Kodit t\u00eb Procedur\u00ebs Penale, p\u00ebr t\u00eb pezulluar k\u00ebt\u00eb projekt deri n\u00eb p\u00ebrfundim t\u00eb hetimeve.<\/p>\n<p><img loading=\"lazy\" decoding=\"async\" class=\"alignnone size-medium wp-image-232796\" src=\"https:\/\/zjarr.tv\/wp-content\/uploads\/2022\/01\/pd-spak-veliaj-216x300.jpeg\" alt=\"\" width=\"216\" height=\"300\" srcset=\"https:\/\/zjarr.tv\/wp-content\/uploads\/2022\/01\/pd-spak-veliaj-216x300.jpeg 216w, https:\/\/zjarr.tv\/wp-content\/uploads\/2022\/01\/pd-spak-veliaj-696x967.jpeg 696w, https:\/\/zjarr.tv\/wp-content\/uploads\/2022\/01\/pd-spak-veliaj-302x420.jpeg 302w, https:\/\/zjarr.tv\/wp-content\/uploads\/2022\/01\/pd-spak-veliaj.jpeg 737w\" sizes=\"auto, (max-width: 216px) 100vw, 216px\" \/><\/p>","protected":false},"excerpt":{"rendered":"<p>Partia Demokratike, njofton se\u00a0 ka kall\u00ebzuar sot n\u00eb SPAK Kryetarin e Bashkis\u00eb Tiran\u00eb Erion Veliaj dhe zyrtar\u00eb t\u00eb tjer\u00eb t\u00eb Bashkis\u00eb Tiran\u00eb p\u00ebr shp\u00ebrdorim detyre dhe shkelje e barazis\u00eb s\u00eb pjes\u00ebmarr\u00ebsve n\u00eb tendera. N\u00eb kall\u00ebzim evidentohet se Bashkia Tiran\u00eb si autoritet kontraktor ka kualifikuar dhe shpallur fitues n\u00eb tenderat e rind\u00ebrtimit n\u00eb lagjen 5 Maj [&hellip;]<\/p>\n","protected":false},"author":2030,"featured_media":232797,"comment_status":"closed","ping_status":"closed","sticky":false,"template":"","format":"standard","meta":{"footnotes":""},"categories":[241,231,1454],"tags":[],"class_list":{"0":"post-232795","1":"post","2":"type-post","3":"status-publish","4":"format-standard","5":"has-post-thumbnail","7":"category-aktualitet","8":"category-lajme","9":"category-politike"},"_links":{"self":[{"href":"https:\/\/zjarr.tv\/en\/wp-json\/wp\/v2\/posts\/232795","targetHints":{"allow":["GET"]}}],"collection":[{"href":"https:\/\/zjarr.tv\/en\/wp-json\/wp\/v2\/posts"}],"about":[{"href":"https:\/\/zjarr.tv\/en\/wp-json\/wp\/v2\/types\/post"}],"author":[{"embeddable":true,"href":"https:\/\/zjarr.tv\/en\/wp-json\/wp\/v2\/users\/2030"}],"replies":[{"embeddable":true,"href":"https:\/\/zjarr.tv\/en\/wp-json\/wp\/v2\/comments?post=232795"}],"version-history":[{"count":0,"href":"https:\/\/zjarr.tv\/en\/wp-json\/wp\/v2\/posts\/232795\/revisions"}],"wp:featuredmedia":[{"embeddable":true,"href":"https:\/\/zjarr.tv\/en\/wp-json\/wp\/v2\/media\/232797"}],"wp:attachment":[{"href":"https:\/\/zjarr.tv\/en\/wp-json\/wp\/v2\/media?parent=232795"}],"wp:term":[{"taxonomy":"category","embeddable":true,"href":"https:\/\/zjarr.tv\/en\/wp-json\/wp\/v2\/categories?post=232795"},{"taxonomy":"post_tag","embeddable":true,"href":"https:\/\/zjarr.tv\/en\/wp-json\/wp\/v2\/tags?post=232795"}],"curies":[{"name":"wp","href":"https:\/\/api.w.org\/{rel}","templated":true}]}}